{"id":1344,"date":"2019-04-07T09:34:59","date_gmt":"2019-04-07T07:34:59","guid":{"rendered":"http:\/\/teamdesbalcons.com\/?p=1344"},"modified":"2019-04-07T09:49:00","modified_gmt":"2019-04-07T07:49:00","slug":"6eme-tour-dardeche","status":"publish","type":"post","link":"https:\/\/teamdesbalcons.com\/index.php\/2019\/04\/07\/6eme-tour-dardeche\/","title":{"rendered":"6\u00e8me Tour d&rsquo;Ard\u00e8che &#8211; 30 mars 2019 &#8211; Chom\u00e9rac, Ard\u00e8che"},"content":{"rendered":"<p>Pour cette 6\u00e8me \u00e9dition, le lieu de d\u00e9part est modifi\u00e9, nous partons de Chom\u00e9rac. Deux voitures du club engag\u00e9es, les 2 Peugeot 205 rallye de Philippe Godonnier et Christian Verot.<\/p>\n<p>Au total 12 ZR nous attendent, 6 le matin et 6 l\u2019apr\u00e8s midi, avec 79 points de contr\u00f4le. Le temps est au beau fixe tout va bien. Le rallye se d\u00e9roule en grande partie sur l\u2019Ard\u00e8che du nord. La ZR1 nous chauffe bien, 20 km sur une route bien caboss\u00e9e, la ZR2 enchaine avec 26 km. C\u2019est d\u2019ailleurs un des points forts du rallye, un enchainement rapide entre les ZR, pas plus de 7 \u00e0 8 km. Un des points faibles est l\u2019\u00e9tat des routes, la ZR1 nous en avait donn\u00e9 un aper\u00e7u, mais la suite allait crescendo. Cette situation, conjugu\u00e9e avec des moyennes un peu hautes, un r\u00e9gal pour les pilotes, un peu moins pour les copilotes, bien ballot\u00e9s.<br \/>\nArriv\u00e9s \u00e0 la pause de midi, le classement est le suivant, Philippe 45\u00e8me avec 532.3 points et Christian 13\u00e8me avec 72 points.<\/p>\n<p style=\"text-align: center;\"><img decoding=\"async\" loading=\"lazy\" class=\"alignnone size-medium wp-image-1350\" src=\"https:\/\/teamdesbalcons.com\/wp-content\/uploads\/2019\/04\/Philippe-300x200.jpg\" alt=\"\" width=\"300\" height=\"200\" srcset=\"https:\/\/teamdesbalcons.com\/wp-content\/uploads\/2019\/04\/Philippe-300x200.jpg 300w, https:\/\/teamdesbalcons.com\/wp-content\/uploads\/2019\/04\/Philippe-768x512.jpg 768w, https:\/\/teamdesbalcons.com\/wp-content\/uploads\/2019\/04\/Philippe-1024x683.jpg 1024w, https:\/\/teamdesbalcons.com\/wp-content\/uploads\/2019\/04\/Philippe-1200x800.jpg 1200w, https:\/\/teamdesbalcons.com\/wp-content\/uploads\/2019\/04\/Philippe.jpg 1674w\" sizes=\"(max-width: 300px) 85vw, 300px\" \/><\/p>\n<p>Avec bien s\u00fbr les impond\u00e9rables de la r\u00e9gularit\u00e9, des camions, des tracteurs et des cyclistes.<br \/>\nOn repart l\u2019apr\u00e8s midi pour les 6 derni\u00e8res ZR. Avec pas mal de p\u00e9rip\u00e9ties, la premi\u00e8re en ZR 9, o\u00f9 on a \u00e9t\u00e9 arr\u00eat\u00e9 au milieu, pour cause\u2026.. d\u2019incendie &#8211; la montagne cramait bien et les pompiers mobilisaient une partie de la route. On a donc termin\u00e9 la ZR en liaison. La deuxi\u00e8me en ZR 11 o\u00f9 un \u00e9nergum\u00e8ne avec un camion, a bloqu\u00e9 le rallye au d\u00e9part, pendant 30 minutes (il y a eu d\u2019ailleurs pas mal de tension et s\u2019est pass\u00e9 tout pr\u00e8s de l\u2019affrontement physique).<br \/>\nApr\u00e8s donc les 8 premi\u00e8res ZR, Philippe 41\u00e8me avec 557.2 points et Christian 6\u00e8me avec 80,5 points.<\/p>\n<p style=\"text-align: center;\"><img decoding=\"async\" loading=\"lazy\" class=\"alignnone size-medium wp-image-1352\" src=\"https:\/\/teamdesbalcons.com\/wp-content\/uploads\/2019\/04\/Verot-300x200.jpg\" alt=\"\" width=\"300\" height=\"200\" srcset=\"https:\/\/teamdesbalcons.com\/wp-content\/uploads\/2019\/04\/Verot-300x200.jpg 300w, https:\/\/teamdesbalcons.com\/wp-content\/uploads\/2019\/04\/Verot-768x512.jpg 768w, https:\/\/teamdesbalcons.com\/wp-content\/uploads\/2019\/04\/Verot-1024x683.jpg 1024w, https:\/\/teamdesbalcons.com\/wp-content\/uploads\/2019\/04\/Verot-1200x800.jpg 1200w, https:\/\/teamdesbalcons.com\/wp-content\/uploads\/2019\/04\/Verot.jpg 1674w\" sizes=\"(max-width: 300px) 85vw, 300px\" \/><\/p>\n<p style=\"text-align: left;\">Il restait 3 ZR du fait de l\u2019annulation de la ZR 9, d\u00e9roulement sans probl\u00e8me, mais content d\u2019arriver, car de l\u2019avis de tous, le rallye \u00e9tait tr\u00e8s physique. Les syst\u00e8mes de navigation sont de plus en plus performants, car sur certaines ZR, il faut savoir que le 40\u00e8me ne prenait pas plus de 5 points de p\u00e9nalit\u00e9.<br \/>\nAu final, pour Philippe la 42\u00e8me place avec 849 points, pour Christian, la 5\u00e8me place avec 121.4 points. Le premier \u00e9quipage termine avec 81.3 points.<\/p>\n<p>Rallye globalement bien organis\u00e9, avec un Road-book pr\u00e9cis. Il manquait peut-\u00eatre une pause l\u2019apr\u00e8s midi, mais elle a \u00e9t\u00e9 compens\u00e9e par le blocage de 30 minutes. L\u2019organisateur, Bernard Vialar a bien pris en compte les remarques sur l\u2019\u00e9tat des routes et a promis pour l\u2019an prochain un retour dans le sud dans de meilleures conditions. A noter que la salle de Chom\u00e9rac avait une sonorisation parfaite, ce qui changeait des ann\u00e9es ant\u00e9rieures au Pouzin.<\/p>\n<p style=\"text-align: center;\">Merci <em><strong>\u00ab\u00a0Les fous du Volant\u00a0\u00bb<\/strong><\/em> pour le reportage photo<\/p>\n<p style=\"text-align: center;\"><a href=\"https:\/\/teamdesbalcons.com\/wp-content\/uploads\/2019\/04\/Liste-des-engage\u0301s.pdf\">Liste des engage\u0301s<\/a><\/p>\n<p style=\"text-align: center;\"><a href=\"https:\/\/teamdesbalcons.com\/wp-content\/uploads\/2019\/04\/General.pdf\">General<\/a><\/p>\n<p>&nbsp;<\/p>\n","protected":false},"excerpt":{"rendered":"<p>Pour cette 6\u00e8me \u00e9dition, le lieu de d\u00e9part est modifi\u00e9, nous partons de Chom\u00e9rac. Deux voitures du club engag\u00e9es, les 2 Peugeot 205 rallye de Philippe Godonnier et Christian Verot. Au total 12 ZR nous attendent, 6 le matin et 6 l\u2019apr\u00e8s midi, avec 79 points de contr\u00f4le. Le temps est au beau fixe tout &hellip; <a href=\"https:\/\/teamdesbalcons.com\/index.php\/2019\/04\/07\/6eme-tour-dardeche\/\" class=\"more-link\">Continuer la lecture<span class=\"screen-reader-text\"> de &laquo;&nbsp;6\u00e8me Tour d&rsquo;Ard\u00e8che &#8211; 30 mars 2019 &#8211; Chom\u00e9rac, Ard\u00e8che&nbsp;&raquo;<\/span><\/a><\/p>\n","protected":false},"author":1,"featured_media":1353,"comment_status":"closed","ping_status":"closed","sticky":false,"template":"","format":"standard","meta":[],"categories":[3,4],"tags":[],"_links":{"self":[{"href":"https:\/\/teamdesbalcons.com\/index.php\/wp-json\/wp\/v2\/posts\/1344"}],"collection":[{"href":"https:\/\/teamdesbalcons.com\/index.php\/wp-json\/wp\/v2\/posts"}],"about":[{"href":"https:\/\/teamdesbalcons.com\/index.php\/wp-json\/wp\/v2\/types\/post"}],"author":[{"embeddable":true,"href":"https:\/\/teamdesbalcons.com\/index.php\/wp-json\/wp\/v2\/users\/1"}],"replies":[{"embeddable":true,"href":"https:\/\/teamdesbalcons.com\/index.php\/wp-json\/wp\/v2\/comments?post=1344"}],"version-history":[{"count":4,"href":"https:\/\/teamdesbalcons.com\/index.php\/wp-json\/wp\/v2\/posts\/1344\/revisions"}],"predecessor-version":[{"id":1355,"href":"https:\/\/teamdesbalcons.com\/index.php\/wp-json\/wp\/v2\/posts\/1344\/revisions\/1355"}],"wp:featuredmedia":[{"embeddable":true,"href":"https:\/\/teamdesbalcons.com\/index.php\/wp-json\/wp\/v2\/media\/1353"}],"wp:attachment":[{"href":"https:\/\/teamdesbalcons.com\/index.php\/wp-json\/wp\/v2\/media?parent=1344"}],"wp:term":[{"taxonomy":"category","embeddable":true,"href":"https:\/\/teamdesbalcons.com\/index.php\/wp-json\/wp\/v2\/categories?post=1344"},{"taxonomy":"post_tag","embeddable":true,"href":"https:\/\/teamdesbalcons.com\/index.php\/wp-json\/wp\/v2\/tags?post=1344"}],"curies":[{"name":"wp","href":"https:\/\/api.w.org\/{rel}","templated":true}]}}