{"id":2352,"date":"2022-02-13T11:09:18","date_gmt":"2022-02-13T10:09:18","guid":{"rendered":"http:\/\/teamdesbalcons.com\/?p=2352"},"modified":"2022-02-13T11:09:18","modified_gmt":"2022-02-13T10:09:18","slug":"monte-carlo-historique-2022","status":"publish","type":"post","link":"https:\/\/teamdesbalcons.com\/index.php\/2022\/02\/13\/monte-carlo-historique-2022\/","title":{"rendered":"Monte Carlo historique 2022"},"content":{"rendered":"\n<p>Organisation, bonne humeur et convivialit\u00e9 sont les trois mots qui caract\u00e9risent cette sortie du club. Comme aurait dit\u00a0\u00ab\u00a0Jean-Marie du bois Mon\u00a0\u00bb un r\u00e9cent copain du capitaine Bouveuil\u00a0: \u00ab\u00a0C\u2019\u00e9tait caffi de monde, y\u2019avait pas une seule Anganche et personne n\u2019a pitanch\u00e9 \u00e0 mort, y s\u2019est bu qu\u00e9ques cannons mais pas trop, pas de quoi tirer peine, personne \u00e0 eu la lourde\u00a0et les \u00e9bariaules\u00bb.<\/p>\n\n\n\n<p>Redevenons s\u00e9rieux. Tout \u00e0 commenc\u00e9 par le montage du barnum au bord de la route sans oublier de poser les banderoles au nom du club, ensuite un petit coup de main \u00e0 Hugues pour installer les bases de l\u2019organisation du repas. Notre pr\u00e9sident (du club) est arriv\u00e9 peu apr\u00e8s en limousine officielle, il a beaucoup serr\u00e9 des mains et fait le relationnel li\u00e9 \u00e0 son rang. Dix minutes apr\u00e8s ces bases de l\u2019organisation pos\u00e9es, les premi\u00e8res odeurs agr\u00e9ables montaient aux narines. A tel point qu\u2019une marmite pos\u00e9e \u00e0 cot\u00e9 d\u2019un poteau a attir\u00e9 pas mal de monde, mais Chrystelle veillait au grain, une louche \u00e0 la main, c\u2019est elle qui officiait. Le vin chaud pr\u00e9par\u00e9 par Louis \u00e9tait le bien venu, et en plus il \u00e9tait bon. Certains \u00e9trangers au club y sont m\u00eame all\u00e9s de \u00ab\u00a0c\u2019est combien le verre de vin chaud\u00a0\u00bb. On aurait pu faire des affaires je vous dis\u00a0!! Les dames assises \u00e0 l\u2019abri surveillaient les bouteilles align\u00e9es sur la table, plus pour tr\u00e8s longtemps (les bouteilles). Il y en a un qui n\u2019a pas vu passer toutes les voitures, c\u2019est Hugues. Au d\u00e9but on a cru qu\u2019il r\u00e9parait un truc cass\u00e9 dans le coffre de sa voiture, mais non, il pr\u00e9parait la soupe aux choux. Et je ne vous dis qu\u2019une chose elle \u00e9tait bonne, tous les ingr\u00e9dients y \u00e9taient. Au moment de servir il y avait foule, mais comme Chrytelle avait troqu\u00e9 sa louche contre un couteau, il n\u2019y a pas eu panique, chacun a pu remplir son assiette et faire \u00ab\u00a0rebelote\u00a0\u00bb suivant l\u2019envie. Il ne faut pas oublier de citer Francis Barn\u00e9oud accompagn\u00e9s de saucissons de pays pour l\u2019ap\u00e9ritif et Pierre boudet et ses tablettes de chocolats (pas celles au niveau de ses abdos). Il fallait bien s\u00fbr quelques voitures pour justifier de cette sortie. Il y en a eu, et des belles dont certaines nous ont gratifi\u00e9 d\u2019un beau passage. Mais je pense que celles qui passaient lentement avaient renifl\u00e9 les odeurs et qui sait, l\u2019an prochain, Joanny aura de la concurrence pour ses tartes aux pommes, les concurrents s\u2019arr\u00eateront au pont pour la soupe aux choux.<\/p>\n\n\n\n<p>En conclusion une super journ\u00e9e, qui n\u2019a laiss\u00e9 que de bons souvenirs, merci \u00e0 tous ceux qui ont mis la main \u00e0 la pate et \u00e0 ceux qui ont pu venir et bien sur merci au club dont les finances permettent de telles organisations. A quand la prochaine\u00a0?<\/p>\n\n\n\n<figure class=\"is-layout-flex wp-block-gallery-1 wp-block-gallery columns-2 is-cropped\"><ul class=\"blocks-gallery-grid\"><li class=\"blocks-gallery-item\"><figure><img decoding=\"async\" loading=\"lazy\" width=\"2560\" height=\"1920\" src=\"https:\/\/teamdesbalcons.com\/wp-content\/uploads\/2022\/02\/001-scaled.jpg\" alt=\"\" data-id=\"2345\" data-full-url=\"https:\/\/teamdesbalcons.com\/wp-content\/uploads\/2022\/02\/001-scaled.jpg\" data-link=\"https:\/\/teamdesbalcons.com\/001-2\/\" class=\"wp-image-2345\" srcset=\"https:\/\/teamdesbalcons.com\/wp-content\/uploads\/2022\/02\/001-scaled.jpg 2560w, https:\/\/teamdesbalcons.com\/wp-content\/uploads\/2022\/02\/001-300x225.jpg 300w, https:\/\/teamdesbalcons.com\/wp-content\/uploads\/2022\/02\/001-1024x768.jpg 1024w, https:\/\/teamdesbalcons.com\/wp-content\/uploads\/2022\/02\/001-768x576.jpg 768w, https:\/\/teamdesbalcons.com\/wp-content\/uploads\/2022\/02\/001-1536x1152.jpg 1536w, https:\/\/teamdesbalcons.com\/wp-content\/uploads\/2022\/02\/001-2048x1536.jpg 2048w, https:\/\/teamdesbalcons.com\/wp-content\/uploads\/2022\/02\/001-1200x900.jpg 1200w\" sizes=\"(max-width: 709px) 85vw, (max-width: 909px) 67vw, (max-width: 1362px) 62vw, 840px\" \/><\/figure><\/li><li class=\"blocks-gallery-item\"><figure><img decoding=\"async\" loading=\"lazy\" width=\"2560\" height=\"1920\" src=\"https:\/\/teamdesbalcons.com\/wp-content\/uploads\/2022\/02\/002-scaled.jpg\" alt=\"\" data-id=\"2346\" data-full-url=\"https:\/\/teamdesbalcons.com\/wp-content\/uploads\/2022\/02\/002-scaled.jpg\" data-link=\"https:\/\/teamdesbalcons.com\/002-2\/\" class=\"wp-image-2346\" srcset=\"https:\/\/teamdesbalcons.com\/wp-content\/uploads\/2022\/02\/002-scaled.jpg 2560w, https:\/\/teamdesbalcons.com\/wp-content\/uploads\/2022\/02\/002-300x225.jpg 300w, https:\/\/teamdesbalcons.com\/wp-content\/uploads\/2022\/02\/002-1024x768.jpg 1024w, https:\/\/teamdesbalcons.com\/wp-content\/uploads\/2022\/02\/002-768x576.jpg 768w, https:\/\/teamdesbalcons.com\/wp-content\/uploads\/2022\/02\/002-1536x1152.jpg 1536w, https:\/\/teamdesbalcons.com\/wp-content\/uploads\/2022\/02\/002-2048x1536.jpg 2048w, https:\/\/teamdesbalcons.com\/wp-content\/uploads\/2022\/02\/002-1200x900.jpg 1200w\" sizes=\"(max-width: 709px) 85vw, (max-width: 909px) 67vw, (max-width: 1362px) 62vw, 840px\" \/><\/figure><\/li><li class=\"blocks-gallery-item\"><figure><img decoding=\"async\" loading=\"lazy\" width=\"2560\" height=\"1920\" src=\"https:\/\/teamdesbalcons.com\/wp-content\/uploads\/2022\/02\/003-scaled.jpg\" alt=\"\" data-id=\"2347\" data-full-url=\"https:\/\/teamdesbalcons.com\/wp-content\/uploads\/2022\/02\/003-scaled.jpg\" data-link=\"https:\/\/teamdesbalcons.com\/003\/\" class=\"wp-image-2347\" srcset=\"https:\/\/teamdesbalcons.com\/wp-content\/uploads\/2022\/02\/003-scaled.jpg 2560w, https:\/\/teamdesbalcons.com\/wp-content\/uploads\/2022\/02\/003-300x225.jpg 300w, https:\/\/teamdesbalcons.com\/wp-content\/uploads\/2022\/02\/003-1024x768.jpg 1024w, https:\/\/teamdesbalcons.com\/wp-content\/uploads\/2022\/02\/003-768x576.jpg 768w, https:\/\/teamdesbalcons.com\/wp-content\/uploads\/2022\/02\/003-1536x1152.jpg 1536w, https:\/\/teamdesbalcons.com\/wp-content\/uploads\/2022\/02\/003-2048x1536.jpg 2048w, https:\/\/teamdesbalcons.com\/wp-content\/uploads\/2022\/02\/003-1200x900.jpg 1200w\" sizes=\"(max-width: 709px) 85vw, (max-width: 909px) 67vw, (max-width: 1362px) 62vw, 840px\" \/><\/figure><\/li><li class=\"blocks-gallery-item\"><figure><img decoding=\"async\" loading=\"lazy\" width=\"1600\" height=\"900\" src=\"https:\/\/teamdesbalcons.com\/wp-content\/uploads\/2022\/02\/IMG-20220208-WA0002.jpg\" alt=\"\" data-id=\"2351\" data-full-url=\"https:\/\/teamdesbalcons.com\/wp-content\/uploads\/2022\/02\/IMG-20220208-WA0002.jpg\" data-link=\"https:\/\/teamdesbalcons.com\/img-20220208-wa0002\/\" class=\"wp-image-2351\" srcset=\"https:\/\/teamdesbalcons.com\/wp-content\/uploads\/2022\/02\/IMG-20220208-WA0002.jpg 1600w, https:\/\/teamdesbalcons.com\/wp-content\/uploads\/2022\/02\/IMG-20220208-WA0002-300x169.jpg 300w, https:\/\/teamdesbalcons.com\/wp-content\/uploads\/2022\/02\/IMG-20220208-WA0002-1024x576.jpg 1024w, https:\/\/teamdesbalcons.com\/wp-content\/uploads\/2022\/02\/IMG-20220208-WA0002-768x432.jpg 768w, https:\/\/teamdesbalcons.com\/wp-content\/uploads\/2022\/02\/IMG-20220208-WA0002-1536x864.jpg 1536w, https:\/\/teamdesbalcons.com\/wp-content\/uploads\/2022\/02\/IMG-20220208-WA0002-1200x675.jpg 1200w\" sizes=\"(max-width: 709px) 85vw, (max-width: 909px) 67vw, (max-width: 1362px) 62vw, 840px\" \/><\/figure><\/li><\/ul><figcaption class=\"blocks-gallery-caption\">Christelle et Hugues se sont affair\u00e9s pour tenir le barnum au Pont de Faurie<\/figcaption><\/figure>\n\n\n\n<p><\/p>\n","protected":false},"excerpt":{"rendered":"<p>Organisation, bonne humeur et convivialit\u00e9 sont les trois mots qui caract\u00e9risent cette sortie du club. Comme aurait dit\u00a0\u00ab\u00a0Jean-Marie du bois Mon\u00a0\u00bb un r\u00e9cent copain du capitaine Bouveuil\u00a0: \u00ab\u00a0C\u2019\u00e9tait caffi de monde, y\u2019avait pas une seule Anganche et personne n\u2019a pitanch\u00e9 \u00e0 mort, y s\u2019est bu qu\u00e9ques cannons mais pas trop, pas de quoi tirer peine, &hellip; <a href=\"https:\/\/teamdesbalcons.com\/index.php\/2022\/02\/13\/monte-carlo-historique-2022\/\" class=\"more-link\">Continuer la lecture<span class=\"screen-reader-text\"> de &laquo;&nbsp;Monte Carlo historique 2022&nbsp;&raquo;<\/span><\/a><\/p>\n","protected":false},"author":1,"featured_media":0,"comment_status":"closed","ping_status":"closed","sticky":false,"template":"","format":"standard","meta":[],"categories":[3],"tags":[],"_links":{"self":[{"href":"https:\/\/teamdesbalcons.com\/index.php\/wp-json\/wp\/v2\/posts\/2352"}],"collection":[{"href":"https:\/\/teamdesbalcons.com\/index.php\/wp-json\/wp\/v2\/posts"}],"about":[{"href":"https:\/\/teamdesbalcons.com\/index.php\/wp-json\/wp\/v2\/types\/post"}],"author":[{"embeddable":true,"href":"https:\/\/teamdesbalcons.com\/index.php\/wp-json\/wp\/v2\/users\/1"}],"replies":[{"embeddable":true,"href":"https:\/\/teamdesbalcons.com\/index.php\/wp-json\/wp\/v2\/comments?post=2352"}],"version-history":[{"count":15,"href":"https:\/\/teamdesbalcons.com\/index.php\/wp-json\/wp\/v2\/posts\/2352\/revisions"}],"predecessor-version":[{"id":2367,"href":"https:\/\/teamdesbalcons.com\/index.php\/wp-json\/wp\/v2\/posts\/2352\/revisions\/2367"}],"wp:attachment":[{"href":"https:\/\/teamdesbalcons.com\/index.php\/wp-json\/wp\/v2\/media?parent=2352"}],"wp:term":[{"taxonomy":"category","embeddable":true,"href":"https:\/\/teamdesbalcons.com\/index.php\/wp-json\/wp\/v2\/categories?post=2352"},{"taxonomy":"post_tag","embeddable":true,"href":"https:\/\/teamdesbalcons.com\/index.php\/wp-json\/wp\/v2\/tags?post=2352"}],"curies":[{"name":"wp","href":"https:\/\/api.w.org\/{rel}","templated":true}]}}