{"id":2691,"date":"2023-07-17T23:44:15","date_gmt":"2023-07-17T21:44:15","guid":{"rendered":"https:\/\/teamdesbalcons.com\/?p=2691"},"modified":"2023-10-10T21:54:41","modified_gmt":"2023-10-10T19:54:41","slug":"4eme-randonnee-automnale","status":"publish","type":"post","link":"https:\/\/teamdesbalcons.com\/index.php\/2023\/07\/17\/4eme-randonnee-automnale\/","title":{"rendered":"4\u00e8me Randonn\u00e9e automnale"},"content":{"rendered":"\n<p>Comme les ann\u00e9es pr\u00e9c\u00e9dentes, le Team des Balcons organise le 15\/10\/2023<strong> la Randonn\u00e9e Automnale<\/strong>.<\/p>\n\n\n\n<p><a href=\"https:\/\/teamdesbalcons.com\/wp-content\/uploads\/2023\/10\/liste-de-engages-le-10-octobre-2023.pdf\"><strong><mark style=\"background-color:rgba(0, 0, 0, 0)\" class=\"has-inline-color has-bright-blue-color\">Liste des Participants<\/mark><\/strong><\/a><\/p>\n\n\n\n<p><br>Pour cette nouvelle \u00e9dition, nous gardons les m\u00eames lieux de d\u00e9part et d\u2019arriv\u00e9e, base de loisirs de 42170 St Just St Rambert (bord de Loire c\u00f4t\u00e9 St Just). L\u2019itin\u00e9raire de cette randonn\u00e9e tenu secret vous sera donn\u00e9 via un roadbook en m\u00e9tr\u00e9 fl\u00e9ch\u00e9 sur lequel vous aurez \u00e0 r\u00e9pondre \u00e0 des questions. Une zone de r\u00e9gularit\u00e9 facultative sur une dizaine de km vous sera propos\u00e9e apr\u00e8s la pause du matin.<\/p>\n\n\n\n<p><br><strong>Programme de cette journ\u00e9e :<\/strong><\/p>\n\n\n\n<ul>\n<li><strong>Dimanche matin<\/strong><br>L\u2019accueil se fera \u00e0 7h45 \u00e0 la base de loisirs de Saint Just\/Saint Rambert, avec une collation de bienvenue. Le briefing est pr\u00e9vu vers 8h10 pour les informations compl\u00e9mentaires.<br>Le d\u00e9part de la premi\u00e8re voiture est pr\u00e9vu \u00e0 8h30 pour un parcours d\u2019environ 130 kms qui vous fera traverser le d\u00e9partement de la Loire via les monts du forez. Vous allez emprunter des routes mythiques qui ont particip\u00e9 \u00e0 la l\u00e9gende du sport automobile r\u00e9gional et vous pourrez appr\u00e9cier la beaut\u00e9 des paysages d\u2019automne. L\u2019itin\u00e9raire sera entrecoup\u00e9 d\u2019une pause. Lors de cette pause un jeu vous sera propos\u00e9 ainsi qu\u2019une collation, la mairie nous met \u00e0 disposition les toilettes publiques.<\/li>\n<\/ul>\n\n\n\n<ul>\n<li><strong>Dimanche midi<\/strong><br>Le repas de midi aura lieu au restaurant le bosquet Fleuri, dans un tr\u00e8s beau cadre sur le bord du barrage de Villerest \u00e0 42260 Bully. Arr\u00eat pr\u00e9vu de 12h \u00e0 14h pour avoir le temps de se d\u00e9tendre.<\/li>\n<\/ul>\n\n\n\n<ul>\n<li><strong>Dimanche apr\u00e8s-midi<\/strong><br>Le retour de plus ou moins 120 Km vous fera rejoindre St Just St Rambert, via les monts du Lyonnais, avec une pause en milieu de parcours avec \u00e0 disposition les toilettes publiques. Nous terminerons cette journ\u00e9e autour d\u2019une collation afin d\u2019\u00e9changer et partager notre passion, d\u2019une mani\u00e8re conviviale correspondant \u00e0 l\u2019image de notre club.<br><\/li>\n<\/ul>\n\n\n\n<p>Vous trouverez ci-contre<a href=\"https:\/\/teamdesbalcons.com\/wp-content\/uploads\/2023\/07\/Engagements-RdA-2023.pdf\"><mark style=\"background-color:rgba(0, 0, 0, 0)\" class=\"has-inline-color has-bright-blue-color\"> l\u2019acte d&rsquo;engagement <\/mark><\/a>de cette manifestation.<br>Merci de nous faire parvenir votre engagement compl\u00e9t\u00e9 et accompagn\u00e9 d\u2019un ch\u00e8que de 100\u20ac et des copies de vos permis, carte grise, assurance et contr\u00f4le technique \u00e0 :<br><em>Les Routes d\u2019Exbrayat<br>MdA La Passerelle<br>7 rue du 11 Novembre<br>42170 St Just St Rambert<\/em><br><\/p>\n\n\n\n<p><em><strong>Pour tous renseignements compl\u00e9mentaires le contact est Michel CARRET<br>TEL 07 81 73 07 36 (apr\u00e8s 19 heures).<\/strong><\/em><\/p>\n","protected":false},"excerpt":{"rendered":"<p>Comme les ann\u00e9es pr\u00e9c\u00e9dentes, le Team des Balcons organise le 15\/10\/2023 la Randonn\u00e9e Automnale. Liste des Participants Pour cette nouvelle \u00e9dition, nous gardons les m\u00eames lieux de d\u00e9part et d\u2019arriv\u00e9e, base de loisirs de 42170 St Just St Rambert (bord de Loire c\u00f4t\u00e9 St Just). L\u2019itin\u00e9raire de cette randonn\u00e9e tenu secret vous sera donn\u00e9 via &hellip; <a href=\"https:\/\/teamdesbalcons.com\/index.php\/2023\/07\/17\/4eme-randonnee-automnale\/\" class=\"more-link\">Continuer la lecture<span class=\"screen-reader-text\"> de &laquo;&nbsp;4\u00e8me Randonn\u00e9e automnale&nbsp;&raquo;<\/span><\/a><\/p>\n","protected":false},"author":1,"featured_media":0,"comment_status":"closed","ping_status":"closed","sticky":false,"template":"","format":"standard","meta":[],"categories":[1],"tags":[],"_links":{"self":[{"href":"https:\/\/teamdesbalcons.com\/index.php\/wp-json\/wp\/v2\/posts\/2691"}],"collection":[{"href":"https:\/\/teamdesbalcons.com\/index.php\/wp-json\/wp\/v2\/posts"}],"about":[{"href":"https:\/\/teamdesbalcons.com\/index.php\/wp-json\/wp\/v2\/types\/post"}],"author":[{"embeddable":true,"href":"https:\/\/teamdesbalcons.com\/index.php\/wp-json\/wp\/v2\/users\/1"}],"replies":[{"embeddable":true,"href":"https:\/\/teamdesbalcons.com\/index.php\/wp-json\/wp\/v2\/comments?post=2691"}],"version-history":[{"count":5,"href":"https:\/\/teamdesbalcons.com\/index.php\/wp-json\/wp\/v2\/posts\/2691\/revisions"}],"predecessor-version":[{"id":2741,"href":"https:\/\/teamdesbalcons.com\/index.php\/wp-json\/wp\/v2\/posts\/2691\/revisions\/2741"}],"wp:attachment":[{"href":"https:\/\/teamdesbalcons.com\/index.php\/wp-json\/wp\/v2\/media?parent=2691"}],"wp:term":[{"taxonomy":"category","embeddable":true,"href":"https:\/\/teamdesbalcons.com\/index.php\/wp-json\/wp\/v2\/categories?post=2691"},{"taxonomy":"post_tag","embeddable":true,"href":"https:\/\/teamdesbalcons.com\/index.php\/wp-json\/wp\/v2\/tags?post=2691"}],"curies":[{"name":"wp","href":"https:\/\/api.w.org\/{rel}","templated":true}]}}