{"id":2811,"date":"2024-04-14T18:24:40","date_gmt":"2024-04-14T16:24:40","guid":{"rendered":"https:\/\/teamdesbalcons.com\/?p=2811"},"modified":"2024-05-07T13:00:30","modified_gmt":"2024-05-07T11:00:30","slug":"randonnee-printaniere-du-7-avril","status":"publish","type":"post","link":"https:\/\/teamdesbalcons.com\/index.php\/2024\/04\/14\/randonnee-printaniere-du-7-avril\/","title":{"rendered":"Randonn\u00e9e Printani\u00e8re du 7 Avril"},"content":{"rendered":"\n<p>Apr\u00e8s avoir inscrit 23 participants c\u2019est finalement 19 voitures (17 du club et deux invit\u00e9s, Pierre Boudet et Madame et Georges Chambert et son \u00e9pouse) que les organisateurs accueillent sur le parking Intermarch\u00e9 \u00e0 Firminy.<\/p>\n\n\n\n<div class=\"is-layout-flex wp-container-2 wp-block-columns\">\n<div class=\"is-layout-flow wp-block-column\" style=\"flex-basis:100%\">\n<figure class=\"wp-block-image size-large\"><img decoding=\"async\" loading=\"lazy\" width=\"1024\" height=\"461\" src=\"https:\/\/teamdesbalcons.com\/wp-content\/uploads\/2024\/04\/20240407_082811-Copie-1024x461.jpg\" alt=\"\" class=\"wp-image-2827\" srcset=\"https:\/\/teamdesbalcons.com\/wp-content\/uploads\/2024\/04\/20240407_082811-Copie-1024x461.jpg 1024w, https:\/\/teamdesbalcons.com\/wp-content\/uploads\/2024\/04\/20240407_082811-Copie-300x135.jpg 300w, https:\/\/teamdesbalcons.com\/wp-content\/uploads\/2024\/04\/20240407_082811-Copie-768x346.jpg 768w, https:\/\/teamdesbalcons.com\/wp-content\/uploads\/2024\/04\/20240407_082811-Copie-1536x691.jpg 1536w, https:\/\/teamdesbalcons.com\/wp-content\/uploads\/2024\/04\/20240407_082811-Copie-2048x922.jpg 2048w, https:\/\/teamdesbalcons.com\/wp-content\/uploads\/2024\/04\/20240407_082811-Copie-1200x540.jpg 1200w\" sizes=\"(max-width: 709px) 85vw, (max-width: 909px) 67vw, (max-width: 1362px) 62vw, 840px\" \/><\/figure>\n<\/div>\n<\/div>\n\n\n\n<p>Les d\u00e9parts se font dans la tradition, de minute en minute, avec pour d\u00e9buter 6 km d&rsquo;autoroute pour chauffer les pneumatiques. <\/p>\n\n\n\n<figure class=\"wp-block-image size-large is-resized\"><img decoding=\"async\" loading=\"lazy\" src=\"https:\/\/teamdesbalcons.com\/wp-content\/uploads\/2024\/04\/20240407_084536-Copie-1024x498.jpg\" alt=\"\" class=\"wp-image-2828\" width=\"768\" height=\"374\" srcset=\"https:\/\/teamdesbalcons.com\/wp-content\/uploads\/2024\/04\/20240407_084536-Copie-1024x498.jpg 1024w, https:\/\/teamdesbalcons.com\/wp-content\/uploads\/2024\/04\/20240407_084536-Copie-300x146.jpg 300w, https:\/\/teamdesbalcons.com\/wp-content\/uploads\/2024\/04\/20240407_084536-Copie-768x373.jpg 768w, https:\/\/teamdesbalcons.com\/wp-content\/uploads\/2024\/04\/20240407_084536-Copie-1536x747.jpg 1536w, https:\/\/teamdesbalcons.com\/wp-content\/uploads\/2024\/04\/20240407_084536-Copie-2048x996.jpg 2048w, https:\/\/teamdesbalcons.com\/wp-content\/uploads\/2024\/04\/20240407_084536-Copie-1200x583.jpg 1200w\" sizes=\"(max-width: 709px) 85vw, (max-width: 909px) 67vw, (max-width: 984px) 61vw, (max-width: 1362px) 45vw, 600px\" \/><\/figure>\n\n\n\n<p>Jusqu\u2019\u00e0 St Genest Malifaux, tout se passe bien. Certains, cependant,\u00a0 trouvant la nature tr\u00e8s belle, malgr\u00e9 un plafond plut\u00f4t bas,\u00a0 d\u00e9cident de butiner \u00e0 droite et \u00e0 gauche alors que d\u2019autres n\u2019amusent pas le tapis (ils se reconnaitront)\u00a0 mais tous sont pr\u00e9sents \u00a0\u00e0 Raucoules aupr\u00e8s du food truck de Dim et Annie pour la restauration matinale.<\/p>\n\n\n\n<figure class=\"wp-block-image size-large is-resized\"><img decoding=\"async\" loading=\"lazy\" src=\"https:\/\/teamdesbalcons.com\/wp-content\/uploads\/2024\/04\/20240407_100053-1024x498.jpg\" alt=\"\" class=\"wp-image-2816\" width=\"768\" height=\"374\" srcset=\"https:\/\/teamdesbalcons.com\/wp-content\/uploads\/2024\/04\/20240407_100053-1024x498.jpg 1024w, https:\/\/teamdesbalcons.com\/wp-content\/uploads\/2024\/04\/20240407_100053-300x146.jpg 300w, https:\/\/teamdesbalcons.com\/wp-content\/uploads\/2024\/04\/20240407_100053-768x373.jpg 768w, https:\/\/teamdesbalcons.com\/wp-content\/uploads\/2024\/04\/20240407_100053-1536x747.jpg 1536w, https:\/\/teamdesbalcons.com\/wp-content\/uploads\/2024\/04\/20240407_100053-2048x996.jpg 2048w, https:\/\/teamdesbalcons.com\/wp-content\/uploads\/2024\/04\/20240407_100053-1200x583.jpg 1200w\" sizes=\"(max-width: 709px) 85vw, (max-width: 909px) 67vw, (max-width: 984px) 61vw, (max-width: 1362px) 45vw, 600px\" \/><\/figure>\n\n\n\n<figure class=\"wp-block-image size-large is-resized\"><img decoding=\"async\" loading=\"lazy\" src=\"https:\/\/teamdesbalcons.com\/wp-content\/uploads\/2024\/04\/20240407_100324-Copie-1024x461.jpg\" alt=\"\" class=\"wp-image-2830\" width=\"768\" height=\"346\" srcset=\"https:\/\/teamdesbalcons.com\/wp-content\/uploads\/2024\/04\/20240407_100324-Copie-1024x461.jpg 1024w, https:\/\/teamdesbalcons.com\/wp-content\/uploads\/2024\/04\/20240407_100324-Copie-300x135.jpg 300w, https:\/\/teamdesbalcons.com\/wp-content\/uploads\/2024\/04\/20240407_100324-Copie-768x346.jpg 768w, https:\/\/teamdesbalcons.com\/wp-content\/uploads\/2024\/04\/20240407_100324-Copie-1536x691.jpg 1536w, https:\/\/teamdesbalcons.com\/wp-content\/uploads\/2024\/04\/20240407_100324-Copie-2048x922.jpg 2048w, https:\/\/teamdesbalcons.com\/wp-content\/uploads\/2024\/04\/20240407_100324-Copie-1200x540.jpg 1200w\" sizes=\"(max-width: 709px) 85vw, (max-width: 909px) 67vw, (max-width: 984px) 61vw, (max-width: 1362px) 45vw, 600px\" \/><\/figure>\n\n\n\n<p>Tout y est, rien \u00e0 dire. Une demi-heure apr\u00e8s, il ne reste plus grand-chose et on repart direction Lapte par de petites routes foresti\u00e8res avec pour objectif de rallier St Agr\u00e8ve en passant par Lavalette, Faye, Tence, le mas de Tence et Rochepaule. Des anciennes sp\u00e9ciales du MC moderne et historique et du haut Lignon sont parcourues, pour le plus grand bonheur de tous. A l\u2019arriv\u00e9e des organisateurs au restaurant, ENORME surprise, les deux Peugeot de Maxime et Pascal sont d\u00e9j\u00e0 l\u00e0, incroyable la performance. Ils ont doubl\u00e9 tout le monde, et \u00e0 une telle vitesse que personne ne les a vu passer.<\/p>\n\n\n\n<figure class=\"wp-block-image size-large is-resized\"><img decoding=\"async\" loading=\"lazy\" src=\"https:\/\/teamdesbalcons.com\/wp-content\/uploads\/2024\/04\/20240407_113556-Copie-1024x461.jpg\" alt=\"\" class=\"wp-image-2832\" width=\"768\" height=\"346\" srcset=\"https:\/\/teamdesbalcons.com\/wp-content\/uploads\/2024\/04\/20240407_113556-Copie-1024x461.jpg 1024w, https:\/\/teamdesbalcons.com\/wp-content\/uploads\/2024\/04\/20240407_113556-Copie-300x135.jpg 300w, https:\/\/teamdesbalcons.com\/wp-content\/uploads\/2024\/04\/20240407_113556-Copie-768x346.jpg 768w, https:\/\/teamdesbalcons.com\/wp-content\/uploads\/2024\/04\/20240407_113556-Copie-1536x691.jpg 1536w, https:\/\/teamdesbalcons.com\/wp-content\/uploads\/2024\/04\/20240407_113556-Copie-2048x922.jpg 2048w, https:\/\/teamdesbalcons.com\/wp-content\/uploads\/2024\/04\/20240407_113556-Copie-1200x540.jpg 1200w\" sizes=\"(max-width: 709px) 85vw, (max-width: 909px) 67vw, (max-width: 984px) 61vw, (max-width: 1362px) 45vw, 600px\" \/><\/figure>\n\n\n\n<p>On peut souligner la qualit\u00e9 de la restauration, \u00a0que je conseille pour d\u2019autres balades. Satisfaction g\u00e9n\u00e9rale sur la qualit\u00e9 du repas et en plus service au top, respect des horaires.<\/p>\n\n\n\n<figure class=\"wp-block-image size-large is-resized\"><img decoding=\"async\" loading=\"lazy\" src=\"https:\/\/teamdesbalcons.com\/wp-content\/uploads\/2024\/04\/20240407_121331-Copie-1024x768.jpg\" alt=\"\" class=\"wp-image-2836\" width=\"768\" height=\"576\" srcset=\"https:\/\/teamdesbalcons.com\/wp-content\/uploads\/2024\/04\/20240407_121331-Copie-1024x768.jpg 1024w, https:\/\/teamdesbalcons.com\/wp-content\/uploads\/2024\/04\/20240407_121331-Copie-300x225.jpg 300w, https:\/\/teamdesbalcons.com\/wp-content\/uploads\/2024\/04\/20240407_121331-Copie-768x576.jpg 768w, https:\/\/teamdesbalcons.com\/wp-content\/uploads\/2024\/04\/20240407_121331-Copie-1536x1152.jpg 1536w, https:\/\/teamdesbalcons.com\/wp-content\/uploads\/2024\/04\/20240407_121331-Copie-2048x1536.jpg 2048w, https:\/\/teamdesbalcons.com\/wp-content\/uploads\/2024\/04\/20240407_121331-Copie-1200x900.jpg 1200w\" sizes=\"(max-width: 709px) 85vw, (max-width: 909px) 67vw, (max-width: 984px) 61vw, (max-width: 1362px) 45vw, 600px\" \/><\/figure>\n\n\n\n<p>L\u2019apr\u00e8s midi, pour faciliter la digestion, un retour par les gorges du Doubs et la mont\u00e9e sur St Pierre sur Doubs. Tous les escargots qui traversaient la route ne l\u2019ont jamais fait aussi vite, ils en tremblent encore. Il faut dire qu\u2019une bande de furieux ont d\u00e9calamin\u00e9 les soupapes. A St Bonnet le froid un petit tour sur la sp\u00e9ciale du MC jusqu\u2019\u00e0 St Julien Molhesabates ou Dim et Annie avait organis\u00e9 un arr\u00eat pour \u00ab\u00a0solder les restes\u00a0\u00bb.<\/p>\n\n\n\n<p>Des commentaires entendus, on retient un bon niveau de satisfaction du contenu de la journ\u00e9e. Chacun a ensuite regagn\u00e9 sa base en attendant avec impatience\u00a0<strong><em>la prochaine organisation, celle de Jean claude du 1<sup>er<\/sup>\u00a0Mai. N\u2019oubliez pas de vite vous inscrire, \u00e7a devrait \u00eatre bien.<\/em><\/strong><br>Merci \u00e0 tous de votre participation,<br>Les organisateurs.<\/p>\n","protected":false},"excerpt":{"rendered":"<p>Apr\u00e8s avoir inscrit 23 participants c\u2019est finalement 19 voitures (17 du club et deux invit\u00e9s, Pierre Boudet et Madame et Georges Chambert et son \u00e9pouse) que les organisateurs accueillent sur le parking Intermarch\u00e9 \u00e0 Firminy. Les d\u00e9parts se font dans la tradition, de minute en minute, avec pour d\u00e9buter 6 km d&rsquo;autoroute pour chauffer les &hellip; <a href=\"https:\/\/teamdesbalcons.com\/index.php\/2024\/04\/14\/randonnee-printaniere-du-7-avril\/\" class=\"more-link\">Continuer la lecture<span class=\"screen-reader-text\"> de &laquo;&nbsp;Randonn\u00e9e Printani\u00e8re du 7 Avril&nbsp;&raquo;<\/span><\/a><\/p>\n","protected":false},"author":1,"featured_media":0,"comment_status":"closed","ping_status":"closed","sticky":false,"template":"","format":"standard","meta":[],"categories":[3,9],"tags":[],"_links":{"self":[{"href":"https:\/\/teamdesbalcons.com\/index.php\/wp-json\/wp\/v2\/posts\/2811"}],"collection":[{"href":"https:\/\/teamdesbalcons.com\/index.php\/wp-json\/wp\/v2\/posts"}],"about":[{"href":"https:\/\/teamdesbalcons.com\/index.php\/wp-json\/wp\/v2\/types\/post"}],"author":[{"embeddable":true,"href":"https:\/\/teamdesbalcons.com\/index.php\/wp-json\/wp\/v2\/users\/1"}],"replies":[{"embeddable":true,"href":"https:\/\/teamdesbalcons.com\/index.php\/wp-json\/wp\/v2\/comments?post=2811"}],"version-history":[{"count":8,"href":"https:\/\/teamdesbalcons.com\/index.php\/wp-json\/wp\/v2\/posts\/2811\/revisions"}],"predecessor-version":[{"id":2844,"href":"https:\/\/teamdesbalcons.com\/index.php\/wp-json\/wp\/v2\/posts\/2811\/revisions\/2844"}],"wp:attachment":[{"href":"https:\/\/teamdesbalcons.com\/index.php\/wp-json\/wp\/v2\/media?parent=2811"}],"wp:term":[{"taxonomy":"category","embeddable":true,"href":"https:\/\/teamdesbalcons.com\/index.php\/wp-json\/wp\/v2\/categories?post=2811"},{"taxonomy":"post_tag","embeddable":true,"href":"https:\/\/teamdesbalcons.com\/index.php\/wp-json\/wp\/v2\/tags?post=2811"}],"curies":[{"name":"wp","href":"https:\/\/api.w.org\/{rel}","templated":true}]}}