{"id":34,"date":"2016-10-12T11:48:09","date_gmt":"2016-10-12T09:48:09","guid":{"rendered":"http:\/\/teamdesbalcons.com\/?p=34"},"modified":"2016-11-23T08:34:01","modified_gmt":"2016-11-23T07:34:01","slug":"rallye-dautomne-15-octobre-2016","status":"publish","type":"post","link":"https:\/\/teamdesbalcons.com\/index.php\/2016\/10\/12\/rallye-dautomne-15-octobre-2016\/","title":{"rendered":"Rallye d&rsquo;Automne, 15 octobre 2016"},"content":{"rendered":"<p>Le 15 Octobre 2016 nous avions rendez vous \u00e0 St\u00a0 Paul en Cornillon pour le Rallye d\u2019Automne. Une \u00e9preuve particuli\u00e8re\u00a0: \u00a0la majorit\u00e9 des \u00e9quipages, 29 sur 31, sont compos\u00e9s le matin une heure avant le d\u00e9part.\u00a0 Le conducteur n\u2019a pas son navigateur habituel et son copilote d\u2019un jour est porteur d\u2019un handicap\u00a0: vous l\u2019aurez compris le but de la manifestation est de faire partager notre passion en apportant un moment de bonheur \u00e0 nos jeunes navigateurs \u00a0d\u2019un jour.<\/p>\n<p><img decoding=\"async\" loading=\"lazy\" class=\"size-medium wp-image-132 aligncenter\" src=\"https:\/\/teamdesbalcons.com\/wp-content\/uploads\/2016\/10\/RDA2016-11-225x300.jpg\" alt=\"rda2016-11\" width=\"225\" height=\"300\" srcset=\"https:\/\/teamdesbalcons.com\/wp-content\/uploads\/2016\/10\/RDA2016-11-225x300.jpg 225w, https:\/\/teamdesbalcons.com\/wp-content\/uploads\/2016\/10\/RDA2016-11-768x1024.jpg 768w, https:\/\/teamdesbalcons.com\/wp-content\/uploads\/2016\/10\/RDA2016-11.jpg 852w\" sizes=\"(max-width: 225px) 85vw, 225px\" \/><\/p>\n<p>Pour mener \u00e0 bien cette op\u00e9ration trois associations se sont regroup\u00e9es, \u00a0Handy Rally Passion, les Atomes Crochus et le Team des Balcons, avec la participation de deux communes, St Just St Rambert et St Paul en Cornillon.<\/p>\n<p>Nous \u00e9tions accueillis \u00e0 9 heures \u00e0 St Paul en Cornillon par Madame le Maire apr\u00e8s le mot de bienvenue, les \u00e9quipages \u00e9taient compos\u00e9s et les copilotes d\u00e9couvraient leurs voitures plus belles les unes que les autres\u00a0: Traction, Alpine, Porsche, Lotus, \u00a0Jaguar Type E, Alfa Romeo\u2026 bref un tr\u00e8s beau plateau pour une \u00e9preuve historique. Les navigateurs avaient pr\u00e9alablement re\u00e7u une formation (trois jours avant) leur expliquant les r\u00e8gles d\u2019une \u00e9preuve de navigation\u00a0: le respect des horaires du parcours, ce qu\u2019est un CP ou un CH et bien s\u00fbr les techniques de lecture d\u2019un road-book. Trois navigateurs non voyants avaient un road-book en Braille.<\/p>\n<p><img decoding=\"async\" loading=\"lazy\" class=\"size-medium wp-image-133 aligncenter\" src=\"https:\/\/teamdesbalcons.com\/wp-content\/uploads\/2016\/10\/RDA2016-9-225x300.jpg\" alt=\"rda2016-9\" width=\"225\" height=\"300\" srcset=\"https:\/\/teamdesbalcons.com\/wp-content\/uploads\/2016\/10\/RDA2016-9-225x300.jpg 225w, https:\/\/teamdesbalcons.com\/wp-content\/uploads\/2016\/10\/RDA2016-9-768x1024.jpg 768w, https:\/\/teamdesbalcons.com\/wp-content\/uploads\/2016\/10\/RDA2016-9.jpg 852w\" sizes=\"(max-width: 225px) 85vw, 225px\" \/><\/p>\n<p>10 Heures, au pied du ch\u00e2teau de Cornillon dans un cadre m\u00e9di\u00e9val, \u00a0d\u00e9part de la premi\u00e8re voiture, les autres suivent de minute en minute, direction le p\u00f4le culturel de\u00a0 Saint Just-Saint Rambert distant\u00a0 de 20 km maximum mais le road-book lui en indiquait 55 km, donc\u00a0 nous ne prenions pas le chemin le plus court, ceci afin de donner du piquant \u00e0 l\u2019\u00e9preuve et d\u2019admirer de magnifiques points de vue sur les gorges de la Loire et le Lac de Grangent\u00a0. A noter l\u2019arriv\u00e9e d\u2019un partenaire pr\u00e9cieux, le soleil, venu nous rejoindre pendant la matin\u00e9e, les cabriolets en profitaient pour replier leurs capotes. Quoi \u00a0de plus agr\u00e9able que de rouler les cheveux au vent mi octobre dans le Forez.<\/p>\n<p><img decoding=\"async\" loading=\"lazy\" class=\"size-medium wp-image-134 aligncenter\" src=\"https:\/\/teamdesbalcons.com\/wp-content\/uploads\/2016\/10\/RDA2016-10-225x300.jpg\" alt=\"rda2016-10\" width=\"225\" height=\"300\" srcset=\"https:\/\/teamdesbalcons.com\/wp-content\/uploads\/2016\/10\/RDA2016-10-225x300.jpg 225w, https:\/\/teamdesbalcons.com\/wp-content\/uploads\/2016\/10\/RDA2016-10-768x1024.jpg 768w, https:\/\/teamdesbalcons.com\/wp-content\/uploads\/2016\/10\/RDA2016-10.jpg 852w\" sizes=\"(max-width: 225px) 85vw, 225px\" \/><\/p>\n<p>12 Heures 30 tous les \u00e9quipages avaient rejoint le point de ralliement et le repas pr\u00e9par\u00e9 par un traiteur local \u00e9tait servi par les b\u00e9n\u00e9voles de l\u2019association. Comme pr\u00e9vu \u00e0 14 heures 15 la premi\u00e8re voiture prenait le d\u00e9part, direction Aboen pour rentrer \u00a0ensuite \u00e0 St Paul en Cornillon. Certains trouvent\u00a0 le road6book \u00a0plus facile\u00a0??? A mon humble avis, le niveau de difficult\u00e9 reste le m\u00eame mais les automatismes se cr\u00e9ent et donc tout va mieux. Les 72 km de la seconde \u00e9tape nous font visiter\u00a0 P\u00e9rigneux, Luriecq. Une halte de 20mn avec collation \u00e0 Aboen\u00a0 permettait aux participants de\u00a0 rel\u00e2cher la pression et de laisser souffler les m\u00e9caniques avant de prendre la descente du Pertuiset et sa magnifique vue plongeante sur la Loire. Nous terminons le parcours par la plage de St Paul et une arriv\u00e9e au pied\u00a0 du Ch\u00e2teau de Cornillon. A 18 heures \u00a0tous les v\u00e9hicules sont en parc ferm\u00e9 et nous pouvons commencer la remise des r\u00e9compenses strictement identiques pour tous, la plus belle r\u00e9compense \u00e9tant d\u2019avoir\u00a0 fait le 2\u00b0 rallye d\u2019Automne.<\/p>\n<p><img decoding=\"async\" loading=\"lazy\" class=\"size-medium wp-image-136 aligncenter\" src=\"https:\/\/teamdesbalcons.com\/wp-content\/uploads\/2016\/10\/RDA1-225x300.jpg\" alt=\"rda1\" width=\"225\" height=\"300\" srcset=\"https:\/\/teamdesbalcons.com\/wp-content\/uploads\/2016\/10\/RDA1-225x300.jpg 225w, https:\/\/teamdesbalcons.com\/wp-content\/uploads\/2016\/10\/RDA1-768x1024.jpg 768w, https:\/\/teamdesbalcons.com\/wp-content\/uploads\/2016\/10\/RDA1.jpg 852w\" sizes=\"(max-width: 225px) 85vw, 225px\" \/><\/p>\n<p>&nbsp;<\/p>\n<p>Merci \u00e0 tous les participants\u00a0: conducteurs, navigateurs et accompagnants pour cette belle journ\u00e9e de partage, de solidarit\u00e9 et de bonne humeur, tous les ingr\u00e9dients \u00e9taient au rendez-vous pour cette deuxi\u00e8me \u00e9dition du Rallye d\u2019 Automne, les sourires en disent mieux que n\u2019importe quel commentaire\u2026<\/p>\n<p>A lire ci-dessous un bel article de presse :<\/p>\n<p>&nbsp;<\/p>\n<p><a href=\"https:\/\/teamdesbalcons.com\/wp-content\/uploads\/2016\/10\/journal-2.pdf\">Revue de Presse : Le Progr\u00e8s 18 octobre 2016<\/a><\/p>\n<p>Et le compte-rendu sur News Classic Racing<\/p>\n<p><a href=\"http:\/\/www.newsclassicracing.com\/Rallye-d-Automne-par-Handy-Rally\">http:\/\/www.newsclassicracing.com\/Rallye-d-Automne-par-Handy-Rally<\/a><\/p>\n","protected":false},"excerpt":{"rendered":"<p>Le 15 Octobre 2016 nous avions rendez vous \u00e0 St\u00a0 Paul en Cornillon pour le Rallye d\u2019Automne. Une \u00e9preuve particuli\u00e8re\u00a0: \u00a0la majorit\u00e9 des \u00e9quipages, 29 sur 31, sont compos\u00e9s le matin une heure avant le d\u00e9part.\u00a0 Le conducteur n\u2019a pas son navigateur habituel et son copilote d\u2019un jour est porteur d\u2019un handicap\u00a0: vous l\u2019aurez compris &hellip; <a href=\"https:\/\/teamdesbalcons.com\/index.php\/2016\/10\/12\/rallye-dautomne-15-octobre-2016\/\" class=\"more-link\">Continuer la lecture<span class=\"screen-reader-text\"> de &laquo;&nbsp;Rallye d&rsquo;Automne, 15 octobre 2016&nbsp;&raquo;<\/span><\/a><\/p>\n","protected":false},"author":1,"featured_media":139,"comment_status":"open","ping_status":"open","sticky":false,"template":"","format":"standard","meta":[],"categories":[3],"tags":[],"_links":{"self":[{"href":"https:\/\/teamdesbalcons.com\/index.php\/wp-json\/wp\/v2\/posts\/34"}],"collection":[{"href":"https:\/\/teamdesbalcons.com\/index.php\/wp-json\/wp\/v2\/posts"}],"about":[{"href":"https:\/\/teamdesbalcons.com\/index.php\/wp-json\/wp\/v2\/types\/post"}],"author":[{"embeddable":true,"href":"https:\/\/teamdesbalcons.com\/index.php\/wp-json\/wp\/v2\/users\/1"}],"replies":[{"embeddable":true,"href":"https:\/\/teamdesbalcons.com\/index.php\/wp-json\/wp\/v2\/comments?post=34"}],"version-history":[{"count":10,"href":"https:\/\/teamdesbalcons.com\/index.php\/wp-json\/wp\/v2\/posts\/34\/revisions"}],"predecessor-version":[{"id":196,"href":"https:\/\/teamdesbalcons.com\/index.php\/wp-json\/wp\/v2\/posts\/34\/revisions\/196"}],"wp:featuredmedia":[{"embeddable":true,"href":"https:\/\/teamdesbalcons.com\/index.php\/wp-json\/wp\/v2\/media\/139"}],"wp:attachment":[{"href":"https:\/\/teamdesbalcons.com\/index.php\/wp-json\/wp\/v2\/media?parent=34"}],"wp:term":[{"taxonomy":"category","embeddable":true,"href":"https:\/\/teamdesbalcons.com\/index.php\/wp-json\/wp\/v2\/categories?post=34"},{"taxonomy":"post_tag","embeddable":true,"href":"https:\/\/teamdesbalcons.com\/index.php\/wp-json\/wp\/v2\/tags?post=34"}],"curies":[{"name":"wp","href":"https:\/\/api.w.org\/{rel}","templated":true}]}}