{"id":423,"date":"2017-06-20T07:31:42","date_gmt":"2017-06-20T05:31:42","guid":{"rendered":"http:\/\/teamdesbalcons.com\/?p=423"},"modified":"2018-01-16T07:19:19","modified_gmt":"2018-01-16T06:19:19","slug":"16eme-pays-de-lozere-historique-17-et-18-juin-2017-aumont-aubrac-lozere","status":"publish","type":"post","link":"https:\/\/teamdesbalcons.com\/index.php\/2017\/06\/20\/16eme-pays-de-lozere-historique-17-et-18-juin-2017-aumont-aubrac-lozere\/","title":{"rendered":"16\u00e8me Pays de Loz\u00e8re Historique &#8211; 17 et 18 juin 2017 &#8211; Aumont Aubrac, Loz\u00e8re"},"content":{"rendered":"<h1>Pays de Loz\u00e8re Historique 2017 &#8211; Tir group\u00e9 pour le Team des Balcons<\/h1>\n<h3>Compte-rendu de Jean et Maguy<\/h3>\n<p>Nous \u00e9tions cinq \u00e9quipages \u00e0 faire le d\u00e9placement en Loz\u00e8re\u00a0: Louis et Marie Pierre, G\u00e9rard et Pierre, Michel et Nicolas, Robert et Florence (avec V\u00e9ronique pour les photos) et nous-m\u00eame, Jean et Maguy. Pour nous, une des plus belles \u00e9preuves, \u00e0 ne pas manquer, nous bloquons la date d\u2019une ann\u00e9e sur l\u2019autre o\u00f9 nous retrouvons beaucoup de copains.<\/p>\n<p>Nous arrivons le vendredi avant midi \u00e0 Aumont-Aubrac avec Louis et Marie-Pierre et Romeo et Juliette rencontr\u00e9s sur la route au march\u00e9 de Saugues.<\/p>\n<p><img decoding=\"async\" loading=\"lazy\" class=\"size-medium wp-image-445 aligncenter\" src=\"https:\/\/teamdesbalcons.com\/wp-content\/uploads\/2017\/06\/01Eriba-300x212.jpg\" alt=\"\" width=\"300\" height=\"212\" srcset=\"https:\/\/teamdesbalcons.com\/wp-content\/uploads\/2017\/06\/01Eriba-300x212.jpg 300w, https:\/\/teamdesbalcons.com\/wp-content\/uploads\/2017\/06\/01Eriba-768x543.jpg 768w, https:\/\/teamdesbalcons.com\/wp-content\/uploads\/2017\/06\/01Eriba-1024x724.jpg 1024w, https:\/\/teamdesbalcons.com\/wp-content\/uploads\/2017\/06\/01Eriba-1200x849.jpg 1200w, https:\/\/teamdesbalcons.com\/wp-content\/uploads\/2017\/06\/01Eriba.jpg 1750w\" sizes=\"(max-width: 300px) 85vw, 300px\" \/><\/p>\n<p><img decoding=\"async\" loading=\"lazy\" class=\"size-medium wp-image-446 aligncenter\" src=\"https:\/\/teamdesbalcons.com\/wp-content\/uploads\/2017\/06\/02Challenger-300x212.jpg\" alt=\"\" width=\"300\" height=\"212\" srcset=\"https:\/\/teamdesbalcons.com\/wp-content\/uploads\/2017\/06\/02Challenger-300x212.jpg 300w, https:\/\/teamdesbalcons.com\/wp-content\/uploads\/2017\/06\/02Challenger-768x543.jpg 768w, https:\/\/teamdesbalcons.com\/wp-content\/uploads\/2017\/06\/02Challenger-1024x724.jpg 1024w, https:\/\/teamdesbalcons.com\/wp-content\/uploads\/2017\/06\/02Challenger-1200x849.jpg 1200w, https:\/\/teamdesbalcons.com\/wp-content\/uploads\/2017\/06\/02Challenger.jpg 1750w\" sizes=\"(max-width: 300px) 85vw, 300px\" \/><\/p>\n<p><img decoding=\"async\" loading=\"lazy\" class=\"size-medium wp-image-447 aligncenter\" src=\"https:\/\/teamdesbalcons.com\/wp-content\/uploads\/2017\/06\/03L200-300x212.jpg\" alt=\"\" width=\"300\" height=\"212\" srcset=\"https:\/\/teamdesbalcons.com\/wp-content\/uploads\/2017\/06\/03L200-300x212.jpg 300w, https:\/\/teamdesbalcons.com\/wp-content\/uploads\/2017\/06\/03L200-768x543.jpg 768w, https:\/\/teamdesbalcons.com\/wp-content\/uploads\/2017\/06\/03L200-1024x724.jpg 1024w, https:\/\/teamdesbalcons.com\/wp-content\/uploads\/2017\/06\/03L200-1200x849.jpg 1200w, https:\/\/teamdesbalcons.com\/wp-content\/uploads\/2017\/06\/03L200.jpg 1750w\" sizes=\"(max-width: 300px) 85vw, 300px\" \/><\/p>\n<p>Le temps de mettre les camping-cars en place et de sortir les bannes pour avoir de l\u2019ombre &#8211; nous sommes \u00e0 plus de 1000m mais il fait tr\u00e8s chaud &#8211; et nous pouvons manger. A la fin du repas, nos amis arrivent les uns apr\u00e8s les autres. Le temps de parler de tout et de rien mais surtout de voitures anciennes et l\u2019heure des v\u00e9rif arrive. Pour le Team et nos amis nous avions r\u00e9serv\u00e9 le resto \u00e0 Fau-de-Peyre &#8211; encore un moment de convivialit\u00e9 particuli\u00e8rement appr\u00e9ci\u00e9 et oui demain matin les choses s\u00e9rieuses commencent.<\/p>\n<p><img decoding=\"async\" loading=\"lazy\" class=\"size-medium wp-image-448 aligncenter\" src=\"https:\/\/teamdesbalcons.com\/wp-content\/uploads\/2017\/06\/04RoadBook-300x212.jpg\" alt=\"\" width=\"300\" height=\"212\" srcset=\"https:\/\/teamdesbalcons.com\/wp-content\/uploads\/2017\/06\/04RoadBook-300x212.jpg 300w, https:\/\/teamdesbalcons.com\/wp-content\/uploads\/2017\/06\/04RoadBook-768x543.jpg 768w, https:\/\/teamdesbalcons.com\/wp-content\/uploads\/2017\/06\/04RoadBook-1024x724.jpg 1024w, https:\/\/teamdesbalcons.com\/wp-content\/uploads\/2017\/06\/04RoadBook-1200x849.jpg 1200w, https:\/\/teamdesbalcons.com\/wp-content\/uploads\/2017\/06\/04RoadBook.jpg 1750w\" sizes=\"(max-width: 300px) 85vw, 300px\" \/><\/p>\n<p><img decoding=\"async\" loading=\"lazy\" class=\"size-medium wp-image-449 aligncenter\" src=\"https:\/\/teamdesbalcons.com\/wp-content\/uploads\/2017\/06\/05FlorenceRochon-300x212.jpg\" alt=\"\" width=\"300\" height=\"212\" srcset=\"https:\/\/teamdesbalcons.com\/wp-content\/uploads\/2017\/06\/05FlorenceRochon-300x212.jpg 300w, https:\/\/teamdesbalcons.com\/wp-content\/uploads\/2017\/06\/05FlorenceRochon-768x543.jpg 768w, https:\/\/teamdesbalcons.com\/wp-content\/uploads\/2017\/06\/05FlorenceRochon-1024x724.jpg 1024w, https:\/\/teamdesbalcons.com\/wp-content\/uploads\/2017\/06\/05FlorenceRochon-1200x849.jpg 1200w, https:\/\/teamdesbalcons.com\/wp-content\/uploads\/2017\/06\/05FlorenceRochon.jpg 1750w\" sizes=\"(max-width: 300px) 85vw, 300px\" \/><img decoding=\"async\" loading=\"lazy\" class=\"size-medium wp-image-450 aligncenter\" src=\"https:\/\/teamdesbalcons.com\/wp-content\/uploads\/2017\/06\/06NicolasCarret-300x212.jpg\" alt=\"\" width=\"300\" height=\"212\" srcset=\"https:\/\/teamdesbalcons.com\/wp-content\/uploads\/2017\/06\/06NicolasCarret-300x212.jpg 300w, https:\/\/teamdesbalcons.com\/wp-content\/uploads\/2017\/06\/06NicolasCarret-768x543.jpg 768w, https:\/\/teamdesbalcons.com\/wp-content\/uploads\/2017\/06\/06NicolasCarret-1024x724.jpg 1024w, https:\/\/teamdesbalcons.com\/wp-content\/uploads\/2017\/06\/06NicolasCarret-1200x849.jpg 1200w, https:\/\/teamdesbalcons.com\/wp-content\/uploads\/2017\/06\/06NicolasCarret.jpg 1750w\" sizes=\"(max-width: 300px) 85vw, 300px\" \/><br \/>\nLe samedi matin\u00a0: mise en parc des 74 voitures, briefing, d\u00e9part pour l\u2019\u00e9talonnage de 30 secondes en 30 secondes et d\u00e9part de la premi\u00e8re \u00e9tape de minute en minute\u00a0: 3 ZR au programme, la 1 pour le fun et les deux autres comptent. Les cinq voitures du Team sont group\u00e9es\u00a0: n\u00b018 la 944, n\u00b019 la 1000, n\u00b020 la Lancia et 21 et 22 les 911 (nous partons les derniers du groupe). L\u2019arriv\u00e9e est \u00e0 Montrodat pour prendre le repas de midi. Tout se passe bien pour toute l\u2019\u00e9quipe sauf pour nous\u00a0: une erreur de navigation entre la ZR2 et la ZR3 nous fait perdre du temps. Nous partons d\u00e9cal\u00e9s mais avec 3 ou 4 secondes d\u2019erreur plus un CP manquant\u00a0!!!! Les p\u00e9nalit\u00e9s ne sont pas affich\u00e9es, apr\u00e8s le repas nous partons pour le d\u00e9part de l\u2019\u00e9tape n\u00b02 \u00e0 Marvejol distant de 5 kilom\u00e8tres.<\/p>\n<p><img decoding=\"async\" loading=\"lazy\" class=\"size-medium wp-image-451 aligncenter\" src=\"https:\/\/teamdesbalcons.com\/wp-content\/uploads\/2017\/06\/07MichelNicolasCarretPorsche-300x212.jpg\" alt=\"\" width=\"300\" height=\"212\" srcset=\"https:\/\/teamdesbalcons.com\/wp-content\/uploads\/2017\/06\/07MichelNicolasCarretPorsche-300x212.jpg 300w, https:\/\/teamdesbalcons.com\/wp-content\/uploads\/2017\/06\/07MichelNicolasCarretPorsche-768x543.jpg 768w, https:\/\/teamdesbalcons.com\/wp-content\/uploads\/2017\/06\/07MichelNicolasCarretPorsche-1024x724.jpg 1024w, https:\/\/teamdesbalcons.com\/wp-content\/uploads\/2017\/06\/07MichelNicolasCarretPorsche-1200x849.jpg 1200w, https:\/\/teamdesbalcons.com\/wp-content\/uploads\/2017\/06\/07MichelNicolasCarretPorsche.jpg 1750w\" sizes=\"(max-width: 300px) 85vw, 300px\" \/><br \/>\nL\u2019\u00e9tape deux,\u00a0direction la Canourgue, tr\u00e8s difficile pour nos voitures d\u2019une autre \u00e9poque et pour nous aussi, le soleil \u00ab\u00a0br\u00fble\u00a0\u00bb, pour exemple la plaque de rallye en plastique est toute d\u00e9form\u00e9e par la chaleur. Nous avons 5 ZR au programme dont une en multi-moyennes. Au d\u00e9part de Marvejol la Lancia refuse de d\u00e9marrer\u00a0: je passe mon booster \u00e0 Robert. OK. Le d\u00e9part de la ZR 5 signifie la fin du Rallye pour Robert et Florence, l\u2019alternateur de la Lancia est HS et provoque des coupures dans l\u2019alimentation \u00e9lectrique de la voiture.<\/p>\n<p><img decoding=\"async\" loading=\"lazy\" class=\"size-medium wp-image-454 aligncenter\" src=\"https:\/\/teamdesbalcons.com\/wp-content\/uploads\/2017\/06\/10RobertFlorenceLancia-300x212.jpg\" alt=\"\" width=\"300\" height=\"212\" srcset=\"https:\/\/teamdesbalcons.com\/wp-content\/uploads\/2017\/06\/10RobertFlorenceLancia-300x212.jpg 300w, https:\/\/teamdesbalcons.com\/wp-content\/uploads\/2017\/06\/10RobertFlorenceLancia-768x543.jpg 768w, https:\/\/teamdesbalcons.com\/wp-content\/uploads\/2017\/06\/10RobertFlorenceLancia-1024x724.jpg 1024w, https:\/\/teamdesbalcons.com\/wp-content\/uploads\/2017\/06\/10RobertFlorenceLancia-1200x849.jpg 1200w, https:\/\/teamdesbalcons.com\/wp-content\/uploads\/2017\/06\/10RobertFlorenceLancia.jpg 1750w\" sizes=\"(max-width: 300px) 85vw, 300px\" \/><\/p>\n<p><img decoding=\"async\" loading=\"lazy\" class=\"size-medium wp-image-468 aligncenter\" src=\"https:\/\/teamdesbalcons.com\/wp-content\/uploads\/2017\/06\/0802Lancia-300x212.jpg\" alt=\"\" width=\"300\" height=\"212\" srcset=\"https:\/\/teamdesbalcons.com\/wp-content\/uploads\/2017\/06\/0802Lancia-300x212.jpg 300w, https:\/\/teamdesbalcons.com\/wp-content\/uploads\/2017\/06\/0802Lancia-768x543.jpg 768w, https:\/\/teamdesbalcons.com\/wp-content\/uploads\/2017\/06\/0802Lancia-1024x724.jpg 1024w, https:\/\/teamdesbalcons.com\/wp-content\/uploads\/2017\/06\/0802Lancia-1200x849.jpg 1200w, https:\/\/teamdesbalcons.com\/wp-content\/uploads\/2017\/06\/0802Lancia.jpg 1750w\" sizes=\"(max-width: 300px) 85vw, 300px\" \/><\/p>\n<p>Nous restons quatre \u00e0 la fin de l\u2019\u00e9tape, nous nous ruons sur les bouteilles d\u2019eau fraiche distribu\u00e9es par l\u2019organisation et les premiers r\u00e9sultats de l\u2019\u00e9tape 1 sont affich\u00e9s\u00a0: Michel et Nicolas sont second, toutes les autres voitures du Team sont bien sauf nous \u00e0 la 39e place, normal.<\/p>\n<p><img decoding=\"async\" loading=\"lazy\" class=\"size-medium wp-image-469 aligncenter\" src=\"https:\/\/teamdesbalcons.com\/wp-content\/uploads\/2017\/06\/0803Pierre-300x212.jpg\" alt=\"\" width=\"300\" height=\"212\" srcset=\"https:\/\/teamdesbalcons.com\/wp-content\/uploads\/2017\/06\/0803Pierre-300x212.jpg 300w, https:\/\/teamdesbalcons.com\/wp-content\/uploads\/2017\/06\/0803Pierre-768x543.jpg 768w, https:\/\/teamdesbalcons.com\/wp-content\/uploads\/2017\/06\/0803Pierre-1024x724.jpg 1024w, https:\/\/teamdesbalcons.com\/wp-content\/uploads\/2017\/06\/0803Pierre-1200x849.jpg 1200w, https:\/\/teamdesbalcons.com\/wp-content\/uploads\/2017\/06\/0803Pierre.jpg 1750w\" sizes=\"(max-width: 300px) 85vw, 300px\" \/><\/p>\n<p>En route pour l\u2019\u00e9tape 3, comptant 3 ZR avec une arriv\u00e9e sur le plateau de l\u2019Aubrac et ses paysages uniques et enfin un peu d\u2019air et de l\u2019ombre \u00e0 la halte. Rien de particulier pour les voitures du Team, Pierre et G\u00e9rard ne sont pas tr\u00e8s satisfaits et nous ne savons pas trop ce qui se passe dans les autres voitures. Le fait d\u2019avoir des num\u00e9ros group\u00e9s est tr\u00e8s bien mais on reste un peu entre nous et nos amis aux num\u00e9ros proches, avec 74 voitures c\u2019est un peu logique.<\/p>\n<p>Nous enchainons directement sur l\u2019\u00e9tape 4 et le retour sur Aumont-Aubrac avec une derni\u00e8re ZR o\u00f9 les distances sont en minutes et secondes. Les participants \u00e0 la Ronde des Balcons avaient pu tester le principe, \u00e0 l\u2019arriv\u00e9e au Parc notre Groupe est relativement satisfait, reste \u00e0 voir les temps (apr\u00e8s l\u2019\u00e9tape 2\u00a0: la 944 troisi\u00e8me, la 911 de Pierre 9, la 1000 18 et nous 22). Un bon point pour nos amis Doucet avec la TVR cinqui\u00e8me et Vignal-Abattu premier, Romeo et Juliette sont plus loin. C\u2019est l\u2019heure du repas et dodo &#8230;\u00a0 Rendez-vous demain matin.<\/p>\n<p><img decoding=\"async\" loading=\"lazy\" class=\"size-medium wp-image-455 aligncenter\" src=\"https:\/\/teamdesbalcons.com\/wp-content\/uploads\/2017\/06\/11Conference-300x212.jpg\" alt=\"\" width=\"300\" height=\"212\" srcset=\"https:\/\/teamdesbalcons.com\/wp-content\/uploads\/2017\/06\/11Conference-300x212.jpg 300w, https:\/\/teamdesbalcons.com\/wp-content\/uploads\/2017\/06\/11Conference-768x543.jpg 768w, https:\/\/teamdesbalcons.com\/wp-content\/uploads\/2017\/06\/11Conference-1024x724.jpg 1024w, https:\/\/teamdesbalcons.com\/wp-content\/uploads\/2017\/06\/11Conference-1200x849.jpg 1200w, https:\/\/teamdesbalcons.com\/wp-content\/uploads\/2017\/06\/11Conference.jpg 1750w\" sizes=\"(max-width: 300px) 85vw, 300px\" \/><\/p>\n<p><img decoding=\"async\" loading=\"lazy\" class=\"size-medium wp-image-456 aligncenter\" src=\"https:\/\/teamdesbalcons.com\/wp-content\/uploads\/2017\/06\/12JeanMaguyParebrise-300x212.jpg\" alt=\"\" width=\"300\" height=\"212\" srcset=\"https:\/\/teamdesbalcons.com\/wp-content\/uploads\/2017\/06\/12JeanMaguyParebrise-300x212.jpg 300w, https:\/\/teamdesbalcons.com\/wp-content\/uploads\/2017\/06\/12JeanMaguyParebrise-768x543.jpg 768w, https:\/\/teamdesbalcons.com\/wp-content\/uploads\/2017\/06\/12JeanMaguyParebrise-1024x724.jpg 1024w, https:\/\/teamdesbalcons.com\/wp-content\/uploads\/2017\/06\/12JeanMaguyParebrise-1200x849.jpg 1200w, https:\/\/teamdesbalcons.com\/wp-content\/uploads\/2017\/06\/12JeanMaguyParebrise.jpg 1750w\" sizes=\"(max-width: 300px) 85vw, 300px\" \/><\/p>\n<p><img decoding=\"async\" loading=\"lazy\" class=\"size-medium wp-image-457 aligncenter\" src=\"https:\/\/teamdesbalcons.com\/wp-content\/uploads\/2017\/06\/13NicolasMichelParebrise-300x212.jpg\" alt=\"\" width=\"300\" height=\"212\" srcset=\"https:\/\/teamdesbalcons.com\/wp-content\/uploads\/2017\/06\/13NicolasMichelParebrise-300x212.jpg 300w, https:\/\/teamdesbalcons.com\/wp-content\/uploads\/2017\/06\/13NicolasMichelParebrise-768x543.jpg 768w, https:\/\/teamdesbalcons.com\/wp-content\/uploads\/2017\/06\/13NicolasMichelParebrise-1024x724.jpg 1024w, https:\/\/teamdesbalcons.com\/wp-content\/uploads\/2017\/06\/13NicolasMichelParebrise-1200x849.jpg 1200w, https:\/\/teamdesbalcons.com\/wp-content\/uploads\/2017\/06\/13NicolasMichelParebrise.jpg 1750w\" sizes=\"(max-width: 300px) 85vw, 300px\" \/><br \/>\nDimanche matin, moins chaud, les r\u00e9sultats sont affich\u00e9s\u00a0: Michel et Nicolas 3, Louis et Marie Pierre 8, Nous 13, Pierre et G\u00e9rard 16, ce n\u2019est pas trop mal sans plus, reste \u00e0 confirmer.<\/p>\n<p><img decoding=\"async\" loading=\"lazy\" class=\"size-medium wp-image-458 aligncenter\" src=\"https:\/\/teamdesbalcons.com\/wp-content\/uploads\/2017\/06\/14MichelNicolasDepart-300x212.jpg\" alt=\"\" width=\"300\" height=\"212\" srcset=\"https:\/\/teamdesbalcons.com\/wp-content\/uploads\/2017\/06\/14MichelNicolasDepart-300x212.jpg 300w, https:\/\/teamdesbalcons.com\/wp-content\/uploads\/2017\/06\/14MichelNicolasDepart-768x543.jpg 768w, https:\/\/teamdesbalcons.com\/wp-content\/uploads\/2017\/06\/14MichelNicolasDepart-1024x724.jpg 1024w, https:\/\/teamdesbalcons.com\/wp-content\/uploads\/2017\/06\/14MichelNicolasDepart-1200x849.jpg 1200w, https:\/\/teamdesbalcons.com\/wp-content\/uploads\/2017\/06\/14MichelNicolasDepart.jpg 1750w\" sizes=\"(max-width: 300px) 85vw, 300px\" \/><\/p>\n<p>Au programme une \u00e9tape avec 3 ZR dont une multi-moyennes\u00a0; la pause \u00e0 St Ch\u00e9ly-d\u2019Apcher et une \u00e9tape de navigation pour le retour \u00e0 Aumont-Aubrac. En rentrant sur le parc \u00e0 St Ch\u00e9ly je pense que les classements se sont faits la veille aux vues du parcours sans trop de difficult\u00e9s. Grosse erreur de ma part, Michel nous dit avoir fait une b\u00eatise dans la multi moyennes &#8211; idem pour Didier Vignal. La famille Doucet huiti\u00e8me le matin n\u2019a plus d\u2019instruments et beaucoup pensent ne pas \u00eatre bons. Bref je me suis tromp\u00e9 dans mon analyse, ce ne devait pas \u00eatre si facile. Nous partons dans la derni\u00e8re \u00e9tape de navigation, un fl\u00e9ch\u00e9 allemand et c\u2019est fini les jeux sont faits.<br \/>\nLe repas de cl\u00f4ture toujours tr\u00e8s bien au Pays de Loz\u00e8re avec le traditionnel Aligot entrecoup\u00e9 des commentaires de chacun et la proclamation des r\u00e9sultats\u2026.<\/p>\n<p><img decoding=\"async\" loading=\"lazy\" class=\"size-medium wp-image-462 aligncenter\" src=\"https:\/\/teamdesbalcons.com\/wp-content\/uploads\/2017\/06\/18-LouisPortrait-300x212.jpg\" alt=\"\" width=\"300\" height=\"212\" srcset=\"https:\/\/teamdesbalcons.com\/wp-content\/uploads\/2017\/06\/18-LouisPortrait-300x212.jpg 300w, https:\/\/teamdesbalcons.com\/wp-content\/uploads\/2017\/06\/18-LouisPortrait-768x543.jpg 768w, https:\/\/teamdesbalcons.com\/wp-content\/uploads\/2017\/06\/18-LouisPortrait-1024x724.jpg 1024w, https:\/\/teamdesbalcons.com\/wp-content\/uploads\/2017\/06\/18-LouisPortrait-1200x849.jpg 1200w, https:\/\/teamdesbalcons.com\/wp-content\/uploads\/2017\/06\/18-LouisPortrait.jpg 1750w\" sizes=\"(max-width: 300px) 85vw, 300px\" \/><\/p>\n<p><img decoding=\"async\" loading=\"lazy\" class=\"size-medium wp-image-463 aligncenter\" src=\"https:\/\/teamdesbalcons.com\/wp-content\/uploads\/2017\/06\/19GerardVerdier-300x212.jpg\" alt=\"\" width=\"300\" height=\"212\" srcset=\"https:\/\/teamdesbalcons.com\/wp-content\/uploads\/2017\/06\/19GerardVerdier-300x212.jpg 300w, https:\/\/teamdesbalcons.com\/wp-content\/uploads\/2017\/06\/19GerardVerdier-768x543.jpg 768w, https:\/\/teamdesbalcons.com\/wp-content\/uploads\/2017\/06\/19GerardVerdier-1024x724.jpg 1024w, https:\/\/teamdesbalcons.com\/wp-content\/uploads\/2017\/06\/19GerardVerdier-1200x849.jpg 1200w, https:\/\/teamdesbalcons.com\/wp-content\/uploads\/2017\/06\/19GerardVerdier.jpg 1750w\" sizes=\"(max-width: 300px) 85vw, 300px\" \/><\/p>\n<p><img decoding=\"async\" loading=\"lazy\" class=\"size-medium wp-image-464 aligncenter\" src=\"https:\/\/teamdesbalcons.com\/wp-content\/uploads\/2017\/06\/20PierreHabegger-300x212.jpg\" alt=\"\" width=\"300\" height=\"212\" srcset=\"https:\/\/teamdesbalcons.com\/wp-content\/uploads\/2017\/06\/20PierreHabegger-300x212.jpg 300w, https:\/\/teamdesbalcons.com\/wp-content\/uploads\/2017\/06\/20PierreHabegger-768x543.jpg 768w, https:\/\/teamdesbalcons.com\/wp-content\/uploads\/2017\/06\/20PierreHabegger-1024x724.jpg 1024w, https:\/\/teamdesbalcons.com\/wp-content\/uploads\/2017\/06\/20PierreHabegger-1200x849.jpg 1200w, https:\/\/teamdesbalcons.com\/wp-content\/uploads\/2017\/06\/20PierreHabegger.jpg 1750w\" sizes=\"(max-width: 300px) 85vw, 300px\" \/><\/p>\n<p><img decoding=\"async\" loading=\"lazy\" class=\"size-medium wp-image-465 aligncenter\" src=\"https:\/\/teamdesbalcons.com\/wp-content\/uploads\/2017\/06\/21PortraitNicolas-300x212.jpg\" alt=\"\" width=\"300\" height=\"212\" srcset=\"https:\/\/teamdesbalcons.com\/wp-content\/uploads\/2017\/06\/21PortraitNicolas-300x212.jpg 300w, https:\/\/teamdesbalcons.com\/wp-content\/uploads\/2017\/06\/21PortraitNicolas-768x543.jpg 768w, https:\/\/teamdesbalcons.com\/wp-content\/uploads\/2017\/06\/21PortraitNicolas-1024x724.jpg 1024w, https:\/\/teamdesbalcons.com\/wp-content\/uploads\/2017\/06\/21PortraitNicolas-1200x849.jpg 1200w, https:\/\/teamdesbalcons.com\/wp-content\/uploads\/2017\/06\/21PortraitNicolas.jpg 1750w\" sizes=\"(max-width: 300px) 85vw, 300px\" \/><\/p>\n<p><img decoding=\"async\" loading=\"lazy\" class=\"size-medium wp-image-466 aligncenter\" src=\"https:\/\/teamdesbalcons.com\/wp-content\/uploads\/2017\/06\/22MichelPortrait-300x212.jpg\" alt=\"\" width=\"300\" height=\"212\" srcset=\"https:\/\/teamdesbalcons.com\/wp-content\/uploads\/2017\/06\/22MichelPortrait-300x212.jpg 300w, https:\/\/teamdesbalcons.com\/wp-content\/uploads\/2017\/06\/22MichelPortrait-768x543.jpg 768w, https:\/\/teamdesbalcons.com\/wp-content\/uploads\/2017\/06\/22MichelPortrait-1024x724.jpg 1024w, https:\/\/teamdesbalcons.com\/wp-content\/uploads\/2017\/06\/22MichelPortrait-1200x849.jpg 1200w, https:\/\/teamdesbalcons.com\/wp-content\/uploads\/2017\/06\/22MichelPortrait.jpg 1750w\" sizes=\"(max-width: 300px) 85vw, 300px\" \/><\/p>\n<p>Surprise ! Gilbert commence par la fin. Aucun \u00e9quipage du Team des Balcons n\u2019a \u00e9t\u00e9 appel\u00e9 avant la dixi\u00e8me position : Top 10 pour tous bravo\u00a0!!!. Pierre et G\u00e9rard huiti\u00e8me, nous cinqui\u00e8me, Louis et Marie-Pierre quatri\u00e8me, Michel et Nicolas deuxi\u00e8me et en prime le Troph\u00e9e du meilleur Team. L\u2019\u00e9tape du dimanche, pour en finir pas si facile, a engendr\u00e9 beaucoup de changements\u00a0: les Ard\u00e9chois, Didier Vignal et Michel Abattu en t\u00eate presque tout le rallye tombent \u00e0 la troisi\u00e8me place et Jean-Pierre Romestant et Sebastien Baumet montent sur la plus haute marche du Podium et plusieurs \u00e9quipages ont fait des erreurs et perdent des places, tant mieux pour nous. Une pens\u00e9e pour Robert et Florence qui \u00e9taient bien avant la panne et encore f\u00e9licitations \u00e0 toute l\u2019\u00e9quipe. \u00c0 la parution des r\u00e9sultats nous remarquons une inversion entre Louis Marie-Pierre et nous. La 1000 \u00e9tait l\u2019embl\u00e8me de cette \u00e9dition du PLH 2017 au grand bonheur de Louis.<br \/>\nUn Grand MERCI \u00e0 l\u2019\u00e9quipe organisatrice et \u00e0 tous les b\u00e9n\u00e9voles, nous serons l\u00e0 en 2018.<\/p>\n<h3>Compte-rendu de Louis et Marie-Pierre<\/h3>\n<p>Super week-end en Terre de Peyre avec un temps digne d&rsquo;un mois de juillet. \u00c7a nous a chang\u00e9 de l&rsquo;ann\u00e9e pr\u00e9c\u00e9dente.<br \/>\nTout a commenc\u00e9 jeudi apr\u00e8s midi avec une pause en cours de route et une rencontre non programm\u00e9 avec Romeo et Juliette au d\u00e9tour d&rsquo;un chemin le vendredi matin . Ap\u00e9ro et casse cro\u00fbte \u00e0 midi sur le terrain jouxtant le parc ferm\u00e9 avec la visite de Chappy, Jean-Jo, Jean-Paul et d&rsquo;autres, attir\u00e9s par l&rsquo;odeur du pastis!!! <img decoding=\"async\" class=\"\" src=\"https:\/\/imgfast.net\/users\/3215\/22\/11\/61\/smiles\/3463612066.gif\" alt=\"\" longdesc=\"http:\/\/www.vhcpassion.com\/78\" \/><br \/>\nApr\u00e8s midi consacr\u00e9 au farniente, aux visites des copains et plus les ann\u00e9es passent et plus ils sont nombreux, et aux v\u00e9rifications techniques et pour clore le tout repas \u00e0 Fau de Peyre avec le Team des Balcons.<br \/>\nLe vendredi est certainement la journ\u00e9e que nous pr\u00e9f\u00e9rons car elle permet de voir beaucoup de monde sans stress.<br \/>\nSamedi matin 3 ZR avec la 1ere \u00ab\u00a0gratuite\u00a0\u00bb juste pour voir si tout et bon avec \u00e0 l&rsquo;arriv\u00e9e de l&rsquo;\u00e9tape une visite automobile au centre d&rsquo;handicap\u00e9s o\u00f9 travaille Michel avec son stade paralympique : on appr\u00e9cie notre chance !<br \/>\nApr\u00e8s un bon repas \u00e0 Montrodat, d\u00e9part de Marvejols pour l&rsquo;\u00e9tape 2 sous un soleil de plomb et 5 ZR \u00a0avec une multimoyennes.\u00a0 Nous commen\u00e7ons \u00a0\u00e0 nous faire du souci car la jauge de temp\u00e9rature grimpe \u00e0 toute vitesse malgr\u00e9 que nous roulons avec le chauffage et la ventilation.\u00a0 <img decoding=\"async\" class=\"\" src=\"https:\/\/imgfast.net\/users\/3215\/22\/11\/61\/smiles\/4066778768.gif\" alt=\"\" longdesc=\"http:\/\/www.vhcpassion.com\/48\" \/><br \/>\nPause appr\u00e9ci\u00e9e\u00a0 \u00e0 La Canourgue avec les premiers r\u00e9sultats : pas tr\u00e8s brillant (19\u00e8me) souvent en avance \u00e0 cause d&rsquo;un mauvais calage de l&rsquo;horloge.<\/p>\n<p><img decoding=\"async\" loading=\"lazy\" class=\"size-medium wp-image-461 aligncenter\" src=\"https:\/\/teamdesbalcons.com\/wp-content\/uploads\/2017\/06\/17CHLouisMarie-300x212.jpg\" alt=\"\" width=\"300\" height=\"212\" srcset=\"https:\/\/teamdesbalcons.com\/wp-content\/uploads\/2017\/06\/17CHLouisMarie-300x212.jpg 300w, https:\/\/teamdesbalcons.com\/wp-content\/uploads\/2017\/06\/17CHLouisMarie-768x543.jpg 768w, https:\/\/teamdesbalcons.com\/wp-content\/uploads\/2017\/06\/17CHLouisMarie-1024x724.jpg 1024w, https:\/\/teamdesbalcons.com\/wp-content\/uploads\/2017\/06\/17CHLouisMarie-1200x849.jpg 1200w, https:\/\/teamdesbalcons.com\/wp-content\/uploads\/2017\/06\/17CHLouisMarie.jpg 1750w\" sizes=\"(max-width: 300px) 85vw, 300px\" \/><\/p>\n<p><img decoding=\"async\" loading=\"lazy\" class=\"size-medium wp-image-460 aligncenter\" src=\"https:\/\/teamdesbalcons.com\/wp-content\/uploads\/2017\/06\/16LouisMarieDepart-300x212.jpg\" alt=\"\" width=\"300\" height=\"212\" srcset=\"https:\/\/teamdesbalcons.com\/wp-content\/uploads\/2017\/06\/16LouisMarieDepart-300x212.jpg 300w, https:\/\/teamdesbalcons.com\/wp-content\/uploads\/2017\/06\/16LouisMarieDepart-768x543.jpg 768w, https:\/\/teamdesbalcons.com\/wp-content\/uploads\/2017\/06\/16LouisMarieDepart-1024x724.jpg 1024w, https:\/\/teamdesbalcons.com\/wp-content\/uploads\/2017\/06\/16LouisMarieDepart-1200x849.jpg 1200w, https:\/\/teamdesbalcons.com\/wp-content\/uploads\/2017\/06\/16LouisMarieDepart.jpg 1750w\" sizes=\"(max-width: 300px) 85vw, 300px\" \/><br \/>\nL&rsquo;\u00e9tape 4 nous conduit \u00e0 Nasbinals en prenant de la hauteur ce qui nous permets de perdre quelques degr\u00e9s avec un petit fl\u00e9ch\u00e9 allemand.<br \/>\nRetour \u00e0 Aumont avec 2 ZR dont la derni\u00e8re sans notion de distance avec seulement un temps de passage \u00e0 chaque carrefour et une vitesse.<br \/>\nDimanche au vu des r\u00e9sultats nous sommes 8\u00e8me. 3 ZR avec une en multimoyennes et fin de r\u00e9gul \u00e0 ST Ch\u00e9ly avec pour le retour sur Aumont le traditionnel fl\u00e9ch\u00e9 allemand et un peu de navigation.<br \/>\nEn conclusion une belle \u00e9preuve o\u00f9 le Team des Balcons classe 4 voitures dans les 8 premiers. Nous avons \u00e0 d\u00e9plorer l&rsquo;abandon de Robert sur la Lancia suite \u00e0 une panne d&rsquo;alternateur et nous remportons le classement Team pour la 2eme ann\u00e9e <img decoding=\"async\" class=\"\" src=\"https:\/\/illiweb.com\/fa\/i\/smiles\/icon_cheers.png\" alt=\"cheers\" longdesc=\"http:\/\/www.vhcpassion.com\/25\" \/><br \/>\nUn immense merci \u00e0 Chappy et \u00e0 son \u00e9quipe qui nous ont fait un tr\u00e8s beau cadeau en d\u00e9corant les tee-shirts avec une Rallye 2 (Dimanche nous f\u00eations nos 40 ans de mariage mais il ne le savait pas <img decoding=\"async\" class=\"\" src=\"https:\/\/imgfast.net\/users\/3215\/22\/11\/61\/smiles\/2039239052.gif\" alt=\"\" longdesc=\"http:\/\/www.vhcpassion.com\/55\" \/> )<\/p>\n<h3>Tous les classements du PLH 2017<\/h3>\n<p><img decoding=\"async\" loading=\"lazy\" class=\"size-medium wp-image-467 aligncenter\" src=\"https:\/\/teamdesbalcons.com\/wp-content\/uploads\/2017\/06\/23Podium-Team-300x212.jpg\" alt=\"\" width=\"300\" height=\"212\" srcset=\"https:\/\/teamdesbalcons.com\/wp-content\/uploads\/2017\/06\/23Podium-Team-300x212.jpg 300w, https:\/\/teamdesbalcons.com\/wp-content\/uploads\/2017\/06\/23Podium-Team-768x543.jpg 768w, https:\/\/teamdesbalcons.com\/wp-content\/uploads\/2017\/06\/23Podium-Team-1024x724.jpg 1024w, https:\/\/teamdesbalcons.com\/wp-content\/uploads\/2017\/06\/23Podium-Team-1200x849.jpg 1200w, https:\/\/teamdesbalcons.com\/wp-content\/uploads\/2017\/06\/23Podium-Team.jpg 1750w\" sizes=\"(max-width: 300px) 85vw, 300px\" \/><\/p>\n<p><a href=\"https:\/\/teamdesbalcons.com\/wp-content\/uploads\/2017\/06\/etape1-site.pdf\">etape1 site<\/a> <a href=\"https:\/\/teamdesbalcons.com\/wp-content\/uploads\/2017\/06\/etape2-site.pdf\">etape2 site<\/a> <a href=\"https:\/\/teamdesbalcons.com\/wp-content\/uploads\/2017\/06\/etape3-site.pdf\">etape3 site<\/a> <a href=\"https:\/\/teamdesbalcons.com\/wp-content\/uploads\/2017\/06\/etape4-site.pdf\">etape4 site\u00a0<\/a><a href=\"https:\/\/teamdesbalcons.com\/wp-content\/uploads\/2017\/06\/etape5-site.pdf\">etape5 site<\/a><\/p>\n<p><a href=\"https:\/\/teamdesbalcons.com\/wp-content\/uploads\/2017\/06\/Gene\u0301ral-Final-site.pdf\">Gene\u0301ral Final site<\/a><\/p>\n<h3>Le kiosque<\/h3>\n<p>\u00c0 lire sur News classicracing deux articles consacr\u00e9s au PLH 2017<\/p>\n<ul>\n<li>le compte-rendu officiel de l&rsquo;\u00c9curie G\u00e9vaudan<\/li>\n<\/ul>\n<p><a href=\"http:\/\/www.newsclassicracing.com\/Pays-de-Lozere-Historique-2017\">http:\/\/www.newsclassicracing.com\/Pays-de-Lozere-Historique-2017<\/a><\/p>\n<p>&nbsp;<\/p>\n<ul>\n<li>le point de vue de l&rsquo;\u00e9quipage n\u00b038<\/li>\n<\/ul>\n<p><a href=\"http:\/\/www.newsclassicracing.com\/Le-Pays-de-Lozere-Historique-2017,8656\">http:\/\/www.newsclassicracing.com\/Le-Pays-de-Lozere-Historique-2017,8656<\/a><\/p>\n<ul>\n<li>la vid\u00e9o du PLH 2017 sign\u00e9e Daniel Monteil<\/li>\n<\/ul>\n<p><a href=\"https:\/\/youtu.be\/AMrEJj02Nzg\">https:\/\/youtu.be\/AMrEJj02Nzg<\/a><\/p>\n<p>&nbsp;<\/p>\n","protected":false},"excerpt":{"rendered":"<p>Pays de Loz\u00e8re Historique 2017 &#8211; Tir group\u00e9 pour le Team des Balcons Compte-rendu de Jean et Maguy Nous \u00e9tions cinq \u00e9quipages \u00e0 faire le d\u00e9placement en Loz\u00e8re\u00a0: Louis et Marie Pierre, G\u00e9rard et Pierre, Michel et Nicolas, Robert et Florence (avec V\u00e9ronique pour les photos) et nous-m\u00eame, Jean et Maguy. Pour nous, une des &hellip; <a href=\"https:\/\/teamdesbalcons.com\/index.php\/2017\/06\/20\/16eme-pays-de-lozere-historique-17-et-18-juin-2017-aumont-aubrac-lozere\/\" class=\"more-link\">Continuer la lecture<span class=\"screen-reader-text\"> de &laquo;&nbsp;16\u00e8me Pays de Loz\u00e8re Historique &#8211; 17 et 18 juin 2017 &#8211; Aumont Aubrac, Loz\u00e8re&nbsp;&raquo;<\/span><\/a><\/p>\n","protected":false},"author":1,"featured_media":425,"comment_status":"open","ping_status":"open","sticky":false,"template":"","format":"standard","meta":[],"categories":[4],"tags":[],"_links":{"self":[{"href":"https:\/\/teamdesbalcons.com\/index.php\/wp-json\/wp\/v2\/posts\/423"}],"collection":[{"href":"https:\/\/teamdesbalcons.com\/index.php\/wp-json\/wp\/v2\/posts"}],"about":[{"href":"https:\/\/teamdesbalcons.com\/index.php\/wp-json\/wp\/v2\/types\/post"}],"author":[{"embeddable":true,"href":"https:\/\/teamdesbalcons.com\/index.php\/wp-json\/wp\/v2\/users\/1"}],"replies":[{"embeddable":true,"href":"https:\/\/teamdesbalcons.com\/index.php\/wp-json\/wp\/v2\/comments?post=423"}],"version-history":[{"count":15,"href":"https:\/\/teamdesbalcons.com\/index.php\/wp-json\/wp\/v2\/posts\/423\/revisions"}],"predecessor-version":[{"id":475,"href":"https:\/\/teamdesbalcons.com\/index.php\/wp-json\/wp\/v2\/posts\/423\/revisions\/475"}],"wp:featuredmedia":[{"embeddable":true,"href":"https:\/\/teamdesbalcons.com\/index.php\/wp-json\/wp\/v2\/media\/425"}],"wp:attachment":[{"href":"https:\/\/teamdesbalcons.com\/index.php\/wp-json\/wp\/v2\/media?parent=423"}],"wp:term":[{"taxonomy":"category","embeddable":true,"href":"https:\/\/teamdesbalcons.com\/index.php\/wp-json\/wp\/v2\/categories?post=423"},{"taxonomy":"post_tag","embeddable":true,"href":"https:\/\/teamdesbalcons.com\/index.php\/wp-json\/wp\/v2\/tags?post=423"}],"curies":[{"name":"wp","href":"https:\/\/api.w.org\/{rel}","templated":true}]}}